{"id":99,"date":"2022-12-09T09:51:06","date_gmt":"2022-12-09T09:51:06","guid":{"rendered":"https:\/\/ugtfgvvalencia.es\/?p=99"},"modified":"2022-12-09T09:52:18","modified_gmt":"2022-12-09T09:52:18","slug":"felicitacion-navidena","status":"publish","type":"post","link":"https:\/\/ugtfgvvalencia.es\/index.php\/2022\/12\/09\/felicitacion-navidena\/","title":{"rendered":"Felicitaci\u00f3n Navide\u00f1a"},"content":{"rendered":"\n<p>Desde la secci\u00f3n sindical de UGT Valencia FGV queremos desearos unas felices fiestas navide\u00f1as y una buena entrada al a\u00f1o 2023.<br>Seguiremos luchando por mantener los derechos conseguidos a lo largo de muchos a\u00f1os y conseguir a\u00fan m\u00e1s. Todo con vuestro apoyo y vuestro trabajo diario que es lo que nos hace realmente fuertes.<br>De manera especial queremos transmitir nuestro apoyo y fuerza a todos aquell@s que est\u00e1is preparando la pr\u00f3xima oposici\u00f3n de conducci\u00f3n y circulaci\u00f3n a trav\u00e9s de nuestra plataforma que, como sab\u00e9is, estamos a vuestra entera disposici\u00f3n.<br>Un saludo ugetista para tod@s l@s que hac\u00e9is posible que sigamos peleando.<\/p>\n\n\n\n<figure class=\"wp-block-image size-thumbnail\"><img loading=\"lazy\" decoding=\"async\" width=\"150\" height=\"150\" src=\"https:\/\/ugtfgvvalencia.es\/wp-content\/uploads\/2022\/12\/WhatsApp-Image-2022-12-09-at-10.44.51-150x150.jpeg\" alt=\"\" class=\"wp-image-100\" srcset=\"https:\/\/ugtfgvvalencia.es\/wp-content\/uploads\/2022\/12\/WhatsApp-Image-2022-12-09-at-10.44.51-150x150.jpeg 150w, https:\/\/ugtfgvvalencia.es\/wp-content\/uploads\/2022\/12\/WhatsApp-Image-2022-12-09-at-10.44.51-300x300.jpeg 300w, https:\/\/ugtfgvvalencia.es\/wp-content\/uploads\/2022\/12\/WhatsApp-Image-2022-12-09-at-10.44.51.jpeg 1024w, https:\/\/ugtfgvvalencia.es\/wp-content\/uploads\/2022\/12\/WhatsApp-Image-2022-12-09-at-10.44.51-768x768.jpeg 768w\" sizes=\"auto, (max-width: 150px) 100vw, 150px\" \/><\/figure>\n\n\n\n<ul class=\"wp-block-social-links is-layout-flex wp-block-social-links-is-layout-flex\"><li class=\"wp-social-link wp-social-link-twitter  wp-block-social-link\"><a href=\"https:\/\/twitter.com\/ugtenfgv\/status\/1601152454917328896?s=20&#038;t=kdHM_hilHTwy1wELAKKSLg\" class=\"wp-block-social-link-anchor\"><svg width=\"24\" height=\"24\" viewBox=\"0 0 24 24\" version=\"1.1\" xmlns=\"http:\/\/www.w3.org\/2000\/svg\" aria-hidden=\"true\" focusable=\"false\"><path d=\"M22.23,5.924c-0.736,0.326-1.527,0.547-2.357,0.646c0.847-0.508,1.498-1.312,1.804-2.27 c-0.793,0.47-1.671,0.812-2.606,0.996C18.324,4.498,17.257,4,16.077,4c-2.266,0-4.103,1.837-4.103,4.103 c0,0.322,0.036,0.635,0.106,0.935C8.67,8.867,5.647,7.234,3.623,4.751C3.27,5.357,3.067,6.062,3.067,6.814 c0,1.424,0.724,2.679,1.825,3.415c-0.673-0.021-1.305-0.206-1.859-0.513c0,0.017,0,0.034,0,0.052c0,1.988,1.414,3.647,3.292,4.023 c-0.344,0.094-0.707,0.144-1.081,0.144c-0.264,0-0.521-0.026-0.772-0.074c0.522,1.63,2.038,2.816,3.833,2.85 c-1.404,1.1-3.174,1.756-5.096,1.756c-0.331,0-0.658-0.019-0.979-0.057c1.816,1.164,3.973,1.843,6.29,1.843 c7.547,0,11.675-6.252,11.675-11.675c0-0.178-0.004-0.355-0.012-0.531C20.985,7.47,21.68,6.747,22.23,5.924z\"><\/path><\/svg><span class=\"wp-block-social-link-label screen-reader-text\">Twitter<\/span><\/a><\/li><\/ul>\n","protected":false},"excerpt":{"rendered":"<div class=\"mh-excerpt\"><p>Desde la secci\u00f3n sindical de UGT Valencia FGV queremos desearos unas felices fiestas navide\u00f1as y una buena entrada al a\u00f1o 2023.Seguiremos luchando por mantener los <a class=\"mh-excerpt-more\" href=\"https:\/\/ugtfgvvalencia.es\/index.php\/2022\/12\/09\/felicitacion-navidena\/\" title=\"Felicitaci\u00f3n Navide\u00f1a\">[&#8230;]<\/a><\/p>\n<\/div>","protected":false},"author":2,"featured_media":101,"comment_status":"open","ping_status":"open","sticky":false,"template":"","format":"standard","meta":{"footnotes":"","jetpack_publicize_message":"","jetpack_publicize_feature_enabled":true,"jetpack_social_post_already_shared":false,"jetpack_social_options":{"image_generator_settings":{"template":"highway","default_image_id":0,"font":"","enabled":false},"version":2}},"categories":[1],"tags":[],"class_list":["post-99","post","type-post","status-publish","format-standard","has-post-thumbnail","hentry","category-sin-categoria"],"jetpack_publicize_connections":[],"_links":{"self":[{"href":"https:\/\/ugtfgvvalencia.es\/index.php\/wp-json\/wp\/v2\/posts\/99","targetHints":{"allow":["GET"]}}],"collection":[{"href":"https:\/\/ugtfgvvalencia.es\/index.php\/wp-json\/wp\/v2\/posts"}],"about":[{"href":"https:\/\/ugtfgvvalencia.es\/index.php\/wp-json\/wp\/v2\/types\/post"}],"author":[{"embeddable":true,"href":"https:\/\/ugtfgvvalencia.es\/index.php\/wp-json\/wp\/v2\/users\/2"}],"replies":[{"embeddable":true,"href":"https:\/\/ugtfgvvalencia.es\/index.php\/wp-json\/wp\/v2\/comments?post=99"}],"version-history":[{"count":2,"href":"https:\/\/ugtfgvvalencia.es\/index.php\/wp-json\/wp\/v2\/posts\/99\/revisions"}],"predecessor-version":[{"id":103,"href":"https:\/\/ugtfgvvalencia.es\/index.php\/wp-json\/wp\/v2\/posts\/99\/revisions\/103"}],"wp:featuredmedia":[{"embeddable":true,"href":"https:\/\/ugtfgvvalencia.es\/index.php\/wp-json\/wp\/v2\/media\/101"}],"wp:attachment":[{"href":"https:\/\/ugtfgvvalencia.es\/index.php\/wp-json\/wp\/v2\/media?parent=99"}],"wp:term":[{"taxonomy":"category","embeddable":true,"href":"https:\/\/ugtfgvvalencia.es\/index.php\/wp-json\/wp\/v2\/categories?post=99"},{"taxonomy":"post_tag","embeddable":true,"href":"https:\/\/ugtfgvvalencia.es\/index.php\/wp-json\/wp\/v2\/tags?post=99"}],"curies":[{"name":"wp","href":"https:\/\/api.w.org\/{rel}","templated":true}]}}