{"id":85,"date":"2022-11-20T09:49:22","date_gmt":"2022-11-20T09:49:22","guid":{"rendered":"https:\/\/ugtfgvvalencia.es\/?p=85"},"modified":"2023-02-16T11:54:09","modified_gmt":"2023-02-16T11:54:09","slug":"convocatoria-oep-en-fgv","status":"publish","type":"post","link":"https:\/\/ugtfgvvalencia.es\/index.php\/2022\/11\/20\/convocatoria-oep-en-fgv\/","title":{"rendered":"Convocatoria OEP en FGV"},"content":{"rendered":"\n<p>Nuevas plazas para entrar en la empresa p\u00fablica de ferrocarriles de la Generalitat Valenciana. En esta convocatoria se presentaran en forma concurso-oposici\u00f3n y constar\u00e1 de esta relaci\u00f3n de plazas:<\/p>\n\n\n\n<p><br>20 Maquinista en Alicante<br>79 Maquinista en Valencia<br>1 Jefe\/a de Circulaci\u00f3n en Alicante<br>10 Jefe\/a de Circulaci\u00f3n en Valencia<br>5 Regulador\/a de Puesto de Mando en Valencia<\/p>\n\n\n\n<p>En este enlace se puede ver las bases y requisitos para las distintas plazas.<\/p>\n\n\n\n<p><a href=\"https:\/\/www.fgv.es\/wp-content\/uploads\/2022\/11\/Bases-proceso-circulacion-OEPs-FGV_2020-2021-2022.pdf\">https:\/\/www.fgv.es\/wp-content\/uploads\/2022\/11\/Bases-proceso-circulacion-OEPs-FGV_2020-2021-2022.pdf<\/a><\/p>\n\n\n\n<p>Para poder inscribirse hay que hacerlo de forma telem\u00e1tica desde esta web:<\/p>\n\n\n\n<p><a href=\"https:\/\/www.fgv.es\/solicitudes_form\/wizard\/2\">https:\/\/www.fgv.es\/solicitudes_form\/wizard\/2<\/a><\/p>\n\n\n\n<p>Venga \u00e1nimo a los ya inscrit@s y animaros a los que a\u00fan no lo est\u00e9is. <\/p>\n\n\n\n<figure class=\"wp-block-image size-full\"><img loading=\"lazy\" decoding=\"async\" width=\"848\" height=\"300\" src=\"https:\/\/ugtfgvvalencia.es\/wp-content\/uploads\/2022\/11\/Convocatoriafgv-1.jpg\" alt=\"\" class=\"wp-image-87\" srcset=\"https:\/\/ugtfgvvalencia.es\/wp-content\/uploads\/2022\/11\/Convocatoriafgv-1.jpg 848w, https:\/\/ugtfgvvalencia.es\/wp-content\/uploads\/2022\/11\/Convocatoriafgv-1-300x106.jpg 300w, https:\/\/ugtfgvvalencia.es\/wp-content\/uploads\/2022\/11\/Convocatoriafgv-1-768x272.jpg 768w\" sizes=\"auto, (max-width: 848px) 100vw, 848px\" \/><\/figure>\n\n\n\n<ul class=\"wp-block-social-links is-layout-flex wp-block-social-links-is-layout-flex\"><li class=\"wp-social-link wp-social-link-twitter  wp-block-social-link\"><a href=\"https:\/\/twitter.com\/ugtenfgv\/status\/1594266648839655426?s=20&#038;t=N7O36Ps_Z_uyWzwPclfGGg\" class=\"wp-block-social-link-anchor\"><svg width=\"24\" height=\"24\" viewBox=\"0 0 24 24\" version=\"1.1\" xmlns=\"http:\/\/www.w3.org\/2000\/svg\" aria-hidden=\"true\" focusable=\"false\"><path d=\"M22.23,5.924c-0.736,0.326-1.527,0.547-2.357,0.646c0.847-0.508,1.498-1.312,1.804-2.27 c-0.793,0.47-1.671,0.812-2.606,0.996C18.324,4.498,17.257,4,16.077,4c-2.266,0-4.103,1.837-4.103,4.103 c0,0.322,0.036,0.635,0.106,0.935C8.67,8.867,5.647,7.234,3.623,4.751C3.27,5.357,3.067,6.062,3.067,6.814 c0,1.424,0.724,2.679,1.825,3.415c-0.673-0.021-1.305-0.206-1.859-0.513c0,0.017,0,0.034,0,0.052c0,1.988,1.414,3.647,3.292,4.023 c-0.344,0.094-0.707,0.144-1.081,0.144c-0.264,0-0.521-0.026-0.772-0.074c0.522,1.63,2.038,2.816,3.833,2.85 c-1.404,1.1-3.174,1.756-5.096,1.756c-0.331,0-0.658-0.019-0.979-0.057c1.816,1.164,3.973,1.843,6.29,1.843 c7.547,0,11.675-6.252,11.675-11.675c0-0.178-0.004-0.355-0.012-0.531C20.985,7.47,21.68,6.747,22.23,5.924z\"><\/path><\/svg><span class=\"wp-block-social-link-label screen-reader-text\">Twitter<\/span><\/a><\/li><\/ul>\n","protected":false},"excerpt":{"rendered":"<div class=\"mh-excerpt\"><p>Nuevas plazas para entrar en la empresa p\u00fablica de ferrocarriles de la Generalitat Valenciana. En esta convocatoria se presentaran en forma concurso-oposici\u00f3n y constar\u00e1 de <a class=\"mh-excerpt-more\" href=\"https:\/\/ugtfgvvalencia.es\/index.php\/2022\/11\/20\/convocatoria-oep-en-fgv\/\" title=\"Convocatoria OEP en FGV\">[&#8230;]<\/a><\/p>\n<\/div>","protected":false},"author":2,"featured_media":87,"comment_status":"closed","ping_status":"closed","sticky":false,"template":"","format":"standard","meta":{"footnotes":"","jetpack_publicize_message":"","jetpack_publicize_feature_enabled":true,"jetpack_social_post_already_shared":false,"jetpack_social_options":{"image_generator_settings":{"template":"highway","default_image_id":0,"font":"","enabled":false},"version":2}},"categories":[1],"tags":[],"class_list":["post-85","post","type-post","status-publish","format-standard","has-post-thumbnail","hentry","category-sin-categoria"],"jetpack_publicize_connections":[],"_links":{"self":[{"href":"https:\/\/ugtfgvvalencia.es\/index.php\/wp-json\/wp\/v2\/posts\/85","targetHints":{"allow":["GET"]}}],"collection":[{"href":"https:\/\/ugtfgvvalencia.es\/index.php\/wp-json\/wp\/v2\/posts"}],"about":[{"href":"https:\/\/ugtfgvvalencia.es\/index.php\/wp-json\/wp\/v2\/types\/post"}],"author":[{"embeddable":true,"href":"https:\/\/ugtfgvvalencia.es\/index.php\/wp-json\/wp\/v2\/users\/2"}],"replies":[{"embeddable":true,"href":"https:\/\/ugtfgvvalencia.es\/index.php\/wp-json\/wp\/v2\/comments?post=85"}],"version-history":[{"count":2,"href":"https:\/\/ugtfgvvalencia.es\/index.php\/wp-json\/wp\/v2\/posts\/85\/revisions"}],"predecessor-version":[{"id":90,"href":"https:\/\/ugtfgvvalencia.es\/index.php\/wp-json\/wp\/v2\/posts\/85\/revisions\/90"}],"wp:featuredmedia":[{"embeddable":true,"href":"https:\/\/ugtfgvvalencia.es\/index.php\/wp-json\/wp\/v2\/media\/87"}],"wp:attachment":[{"href":"https:\/\/ugtfgvvalencia.es\/index.php\/wp-json\/wp\/v2\/media?parent=85"}],"wp:term":[{"taxonomy":"category","embeddable":true,"href":"https:\/\/ugtfgvvalencia.es\/index.php\/wp-json\/wp\/v2\/categories?post=85"},{"taxonomy":"post_tag","embeddable":true,"href":"https:\/\/ugtfgvvalencia.es\/index.php\/wp-json\/wp\/v2\/tags?post=85"}],"curies":[{"name":"wp","href":"https:\/\/api.w.org\/{rel}","templated":true}]}}