{"id":58,"date":"2022-11-04T16:54:32","date_gmt":"2022-11-04T16:54:32","guid":{"rendered":"https:\/\/ugtfgvvalencia.es\/?p=58"},"modified":"2023-02-16T11:54:46","modified_gmt":"2023-02-16T11:54:46","slug":"movilizaciones-por-incrementos-salariales","status":"publish","type":"post","link":"https:\/\/ugtfgvvalencia.es\/index.php\/2022\/11\/04\/movilizaciones-por-incrementos-salariales\/","title":{"rendered":"Movilizaciones por incrementos salariales"},"content":{"rendered":"\n<p>No, no siempre estamos en los despachos. UGT y CCOO se movilizaron ayer en las calles de Madrid para hacer visible el deterioro del poder adquisitivo de la clase obrera. Con una inflaci\u00f3n disparada que amenaza la integridad de nuestros hogares. Hay que buscar soluciones, y desde el punto de vista de UGT no se sentaran a negociar sin un incremento salarial. Porque una clase obrera unida cambiar\u00e1 el panorama actual. Nadie se debe quedar atr\u00e1s como la anterior crisis. Se reclama subida del SMI desde ya adem\u00e1s de abrir los ojos a la patronal para un cambio profundo actual. Porque sin una sociedad justa no puede haber progreso y eso solo pasa por justicia social donde se permita vivir dignamente. <\/p>\n\n\n\n<p><a href=\"https:\/\/www.informacion.es\/nacional\/2022\/11\/03\/ccoo-ugt-salen-calle-exigir-78066400.html\">https:\/\/www.informacion.es\/nacional\/2022\/11\/03\/ccoo-ugt-salen-calle-exigir-78066400.html<\/a><\/p>\n\n\n\n<p><\/p>\n\n\n\n<figure class=\"wp-block-image size-large\"><img loading=\"lazy\" decoding=\"async\" width=\"1024\" height=\"756\" src=\"https:\/\/ugtfgvvalencia.es\/wp-content\/uploads\/2022\/11\/WhatsApp-Image-2022-11-04-at-5.52.00-PM-1-1024x756.jpeg\" alt=\"\" class=\"wp-image-60\" srcset=\"https:\/\/ugtfgvvalencia.es\/wp-content\/uploads\/2022\/11\/WhatsApp-Image-2022-11-04-at-5.52.00-PM-1-1024x756.jpeg 1024w, https:\/\/ugtfgvvalencia.es\/wp-content\/uploads\/2022\/11\/WhatsApp-Image-2022-11-04-at-5.52.00-PM-1-300x222.jpeg 300w, https:\/\/ugtfgvvalencia.es\/wp-content\/uploads\/2022\/11\/WhatsApp-Image-2022-11-04-at-5.52.00-PM-1-768x567.jpeg 768w, https:\/\/ugtfgvvalencia.es\/wp-content\/uploads\/2022\/11\/WhatsApp-Image-2022-11-04-at-5.52.00-PM-1-80x60.jpeg 80w, https:\/\/ugtfgvvalencia.es\/wp-content\/uploads\/2022\/11\/WhatsApp-Image-2022-11-04-at-5.52.00-PM-1.jpeg 1170w\" sizes=\"auto, (max-width: 1024px) 100vw, 1024px\" \/><\/figure>\n\n\n\n<figure class=\"wp-block-image size-large\"><img loading=\"lazy\" decoding=\"async\" width=\"1024\" height=\"452\" src=\"https:\/\/ugtfgvvalencia.es\/wp-content\/uploads\/2022\/11\/WhatsApp-Image-2022-11-04-at-5.52.00-PM-1024x452.jpeg\" alt=\"\" class=\"wp-image-61\" srcset=\"https:\/\/ugtfgvvalencia.es\/wp-content\/uploads\/2022\/11\/WhatsApp-Image-2022-11-04-at-5.52.00-PM-1024x452.jpeg 1024w, https:\/\/ugtfgvvalencia.es\/wp-content\/uploads\/2022\/11\/WhatsApp-Image-2022-11-04-at-5.52.00-PM-300x133.jpeg 300w, https:\/\/ugtfgvvalencia.es\/wp-content\/uploads\/2022\/11\/WhatsApp-Image-2022-11-04-at-5.52.00-PM-768x339.jpeg 768w, https:\/\/ugtfgvvalencia.es\/wp-content\/uploads\/2022\/11\/WhatsApp-Image-2022-11-04-at-5.52.00-PM.jpeg 1170w\" sizes=\"auto, (max-width: 1024px) 100vw, 1024px\" \/><\/figure>\n\n\n\n<figure class=\"wp-block-image size-large\"><img loading=\"lazy\" decoding=\"async\" width=\"1024\" height=\"454\" src=\"https:\/\/ugtfgvvalencia.es\/wp-content\/uploads\/2022\/11\/WhatsApp-Image-2022-11-04-at-5.51.59-PM-1024x454.jpeg\" alt=\"\" class=\"wp-image-62\" srcset=\"https:\/\/ugtfgvvalencia.es\/wp-content\/uploads\/2022\/11\/WhatsApp-Image-2022-11-04-at-5.51.59-PM-1024x454.jpeg 1024w, https:\/\/ugtfgvvalencia.es\/wp-content\/uploads\/2022\/11\/WhatsApp-Image-2022-11-04-at-5.51.59-PM-300x133.jpeg 300w, https:\/\/ugtfgvvalencia.es\/wp-content\/uploads\/2022\/11\/WhatsApp-Image-2022-11-04-at-5.51.59-PM-768x341.jpeg 768w, https:\/\/ugtfgvvalencia.es\/wp-content\/uploads\/2022\/11\/WhatsApp-Image-2022-11-04-at-5.51.59-PM.jpeg 1170w\" sizes=\"auto, (max-width: 1024px) 100vw, 1024px\" \/><\/figure>\n\n\n\n<figure class=\"wp-block-image size-large\"><img loading=\"lazy\" decoding=\"async\" width=\"1024\" height=\"452\" src=\"https:\/\/ugtfgvvalencia.es\/wp-content\/uploads\/2022\/11\/WhatsApp-Image-2022-11-04-at-5.51.58-PM-1024x452.jpeg\" alt=\"\" class=\"wp-image-63\" srcset=\"https:\/\/ugtfgvvalencia.es\/wp-content\/uploads\/2022\/11\/WhatsApp-Image-2022-11-04-at-5.51.58-PM-1024x452.jpeg 1024w, https:\/\/ugtfgvvalencia.es\/wp-content\/uploads\/2022\/11\/WhatsApp-Image-2022-11-04-at-5.51.58-PM-300x133.jpeg 300w, https:\/\/ugtfgvvalencia.es\/wp-content\/uploads\/2022\/11\/WhatsApp-Image-2022-11-04-at-5.51.58-PM-768x339.jpeg 768w, https:\/\/ugtfgvvalencia.es\/wp-content\/uploads\/2022\/11\/WhatsApp-Image-2022-11-04-at-5.51.58-PM.jpeg 1170w\" sizes=\"auto, (max-width: 1024px) 100vw, 1024px\" \/><\/figure>\n\n\n\n<ul class=\"wp-block-social-links is-layout-flex wp-block-social-links-is-layout-flex\"><li class=\"wp-social-link wp-social-link-twitter  wp-block-social-link\"><a href=\"https:\/\/twitter.com\/ugtenfgv\/status\/1594262558525034497?s=20&#038;t=N7O36Ps_Z_uyWzwPclfGGg\" class=\"wp-block-social-link-anchor\"><svg width=\"24\" height=\"24\" viewBox=\"0 0 24 24\" version=\"1.1\" xmlns=\"http:\/\/www.w3.org\/2000\/svg\" aria-hidden=\"true\" focusable=\"false\"><path d=\"M22.23,5.924c-0.736,0.326-1.527,0.547-2.357,0.646c0.847-0.508,1.498-1.312,1.804-2.27 c-0.793,0.47-1.671,0.812-2.606,0.996C18.324,4.498,17.257,4,16.077,4c-2.266,0-4.103,1.837-4.103,4.103 c0,0.322,0.036,0.635,0.106,0.935C8.67,8.867,5.647,7.234,3.623,4.751C3.27,5.357,3.067,6.062,3.067,6.814 c0,1.424,0.724,2.679,1.825,3.415c-0.673-0.021-1.305-0.206-1.859-0.513c0,0.017,0,0.034,0,0.052c0,1.988,1.414,3.647,3.292,4.023 c-0.344,0.094-0.707,0.144-1.081,0.144c-0.264,0-0.521-0.026-0.772-0.074c0.522,1.63,2.038,2.816,3.833,2.85 c-1.404,1.1-3.174,1.756-5.096,1.756c-0.331,0-0.658-0.019-0.979-0.057c1.816,1.164,3.973,1.843,6.29,1.843 c7.547,0,11.675-6.252,11.675-11.675c0-0.178-0.004-0.355-0.012-0.531C20.985,7.47,21.68,6.747,22.23,5.924z\"><\/path><\/svg><span class=\"wp-block-social-link-label screen-reader-text\">Twitter<\/span><\/a><\/li><\/ul>\n","protected":false},"excerpt":{"rendered":"<div class=\"mh-excerpt\"><p>No, no siempre estamos en los despachos. UGT y CCOO se movilizaron ayer en las calles de Madrid para hacer visible el deterioro del poder <a class=\"mh-excerpt-more\" href=\"https:\/\/ugtfgvvalencia.es\/index.php\/2022\/11\/04\/movilizaciones-por-incrementos-salariales\/\" title=\"Movilizaciones por incrementos salariales\">[&#8230;]<\/a><\/p>\n<\/div>","protected":false},"author":2,"featured_media":62,"comment_status":"closed","ping_status":"closed","sticky":false,"template":"","format":"standard","meta":{"footnotes":"","jetpack_publicize_message":"","jetpack_publicize_feature_enabled":true,"jetpack_social_post_already_shared":false,"jetpack_social_options":{"image_generator_settings":{"template":"highway","default_image_id":0,"font":"","enabled":false},"version":2}},"categories":[1],"tags":[],"class_list":["post-58","post","type-post","status-publish","format-standard","has-post-thumbnail","hentry","category-sin-categoria"],"jetpack_publicize_connections":[],"_links":{"self":[{"href":"https:\/\/ugtfgvvalencia.es\/index.php\/wp-json\/wp\/v2\/posts\/58","targetHints":{"allow":["GET"]}}],"collection":[{"href":"https:\/\/ugtfgvvalencia.es\/index.php\/wp-json\/wp\/v2\/posts"}],"about":[{"href":"https:\/\/ugtfgvvalencia.es\/index.php\/wp-json\/wp\/v2\/types\/post"}],"author":[{"embeddable":true,"href":"https:\/\/ugtfgvvalencia.es\/index.php\/wp-json\/wp\/v2\/users\/2"}],"replies":[{"embeddable":true,"href":"https:\/\/ugtfgvvalencia.es\/index.php\/wp-json\/wp\/v2\/comments?post=58"}],"version-history":[{"count":7,"href":"https:\/\/ugtfgvvalencia.es\/index.php\/wp-json\/wp\/v2\/posts\/58\/revisions"}],"predecessor-version":[{"id":84,"href":"https:\/\/ugtfgvvalencia.es\/index.php\/wp-json\/wp\/v2\/posts\/58\/revisions\/84"}],"wp:featuredmedia":[{"embeddable":true,"href":"https:\/\/ugtfgvvalencia.es\/index.php\/wp-json\/wp\/v2\/media\/62"}],"wp:attachment":[{"href":"https:\/\/ugtfgvvalencia.es\/index.php\/wp-json\/wp\/v2\/media?parent=58"}],"wp:term":[{"taxonomy":"category","embeddable":true,"href":"https:\/\/ugtfgvvalencia.es\/index.php\/wp-json\/wp\/v2\/categories?post=58"},{"taxonomy":"post_tag","embeddable":true,"href":"https:\/\/ugtfgvvalencia.es\/index.php\/wp-json\/wp\/v2\/tags?post=58"}],"curies":[{"name":"wp","href":"https:\/\/api.w.org\/{rel}","templated":true}]}}