{"id":485,"date":"2025-10-31T17:15:52","date_gmt":"2025-10-31T17:15:52","guid":{"rendered":"https:\/\/ugtfgvvalencia.es\/?p=485"},"modified":"2025-10-31T17:15:54","modified_gmt":"2025-10-31T17:15:54","slug":"a-un-ano-vista","status":"publish","type":"post","link":"https:\/\/ugtfgvvalencia.es\/index.php\/2025\/10\/31\/a-un-ano-vista\/","title":{"rendered":"A un a\u00f1o vista"},"content":{"rendered":"\n<p>Nosotr@s, los trabajador@s de una empresa p\u00fablica que amamos nuestro trabajo. Vemos con desidia y desaz\u00f3n que es lo que ocurre con nuestro d\u00eda a d\u00eda. Nos gustar\u00eda ofrecer un servicio a la altura, pero desgraciadamente nos vemos ensuciados por esta gesti\u00f3n que va a la deriva sin un rumbo, que lo que premia es la rapidez en ofrecer titulares pero que en realidad solo vemos que son como las fallas de corcho y cart\u00f3n, en pie pero que un ligero viento las puede hacer tumbar. <\/p>\n\n\n\n<p>Queremos expresaros que d\u00eda a d\u00eda y aunque a veces solo crean que pedimos por nosotr@s, nada m\u00e1s lejos de la realidad. Exigimos soluciones, escribimos cientos y cientos de reclamaciones diarias para que mejoren las instalaciones, servicios, v\u00edas, infraestructura&#8230;. Nada es toparse contra una empresa cegada en un solo ideal, abrir, volver a ver trenes, pero en que estado&#8230; <\/p>\n\n\n\n<figure class=\"wp-block-image size-large\"><img loading=\"lazy\" decoding=\"async\" width=\"1024\" height=\"768\" src=\"https:\/\/ugtfgvvalencia.es\/wp-content\/uploads\/2025\/10\/IMG-20251031-WA0105-1024x768.jpg\" alt=\"\" class=\"wp-image-486\" srcset=\"https:\/\/ugtfgvvalencia.es\/wp-content\/uploads\/2025\/10\/IMG-20251031-WA0105-1024x768.jpg 1024w, https:\/\/ugtfgvvalencia.es\/wp-content\/uploads\/2025\/10\/IMG-20251031-WA0105-300x225.jpg 300w, https:\/\/ugtfgvvalencia.es\/wp-content\/uploads\/2025\/10\/IMG-20251031-WA0105-768x576.jpg 768w, https:\/\/ugtfgvvalencia.es\/wp-content\/uploads\/2025\/10\/IMG-20251031-WA0105-1536x1152.jpg 1536w, https:\/\/ugtfgvvalencia.es\/wp-content\/uploads\/2025\/10\/IMG-20251031-WA0105-678x509.jpg 678w, https:\/\/ugtfgvvalencia.es\/wp-content\/uploads\/2025\/10\/IMG-20251031-WA0105-326x245.jpg 326w, https:\/\/ugtfgvvalencia.es\/wp-content\/uploads\/2025\/10\/IMG-20251031-WA0105-80x60.jpg 80w, https:\/\/ugtfgvvalencia.es\/wp-content\/uploads\/2025\/10\/IMG-20251031-WA0105.jpg 1600w\" sizes=\"auto, (max-width: 1024px) 100vw, 1024px\" \/><\/figure>\n\n\n\n<p>En fin sin m\u00e1s os dejo con un comunicado que se ley\u00f3 en la estaci\u00f3n de paiporta cuando se celebr\u00f3 un a\u00f1o de esta locura y tragedia. <\/p>\n\n\n\n<p>  \u00abManifiesto de los Trabajadores y Trabajadoras de FGV en Apoyo a las V\u00edctimas de la DANA<\/p>\n\n\n\n<p>Nosotros, los trabajadores y trabajadoras de Ferrocarrils de la Generalitat Valenciana (FGV), nos reunimos hoy con un profundo sentimiento de dolor e indignaci\u00f3n.<\/p>\n\n\n\n<p>Nuestras primeras palabras son para las v\u00edctimas de los terribles hechos acaecidos hace un a\u00f1o, de los afectados directos y de sus familiares.<\/p>\n\n\n\n<p>Queremos transmitiros todo nuestro apoyo, nuestra solidaridad m\u00e1s absoluta y nuestro m\u00e1s sentido p\u00e9same. Sentimos vuestro dolor como propio. Sois nuestros vecinos, nuestros amigos, nuestra gente. No est\u00e1is solos.<\/p>\n\n\n\n<p>Como trabajadores del metro, lo ocurrido el 29 de octubre de 2024 no fue solo una tragedia clim\u00e1tica, fue un fracaso de un sistema que deber\u00eda proteger a las personas.<\/p>\n\n\n\n<p>Sabemos lo que es un compromiso con la seguridad, y ese d\u00eda, ese compromiso fue traicionado.<\/p>\n\n\n\n<p>DENUNCIAMOS con toda nuestra fuerza la falta de previsi\u00f3n y de protocolos de actuaci\u00f3n claros y contundentes.<\/p>\n\n\n\n<p>\u00b7 Denunciamos que no se activaran a tiempo las medidas de prevenci\u00f3n b\u00e1sicas ante unas alertas meteorol\u00f3gicas que eran de sobra conocidas.<br>\u00b7 Denunciamos la ausencia de una orden de cierre preventivo de la red, una decisi\u00f3n que, de haberse tomado, habr\u00eda ayudado a evitar situaciones de riesgo para los usuarios y los trabajadores de FGV.<br>\u00b7 Denunciamos que se priorizara el servicio sobre la seguridad de las personas.<\/p>\n\n\n\n<p>Los trabajadores y trabajadoras de FGV, que ese d\u00eda tambi\u00e9n arriesgaron su integridad ayudando a los usuarios con profesionalidad y entrega, fuimos tambi\u00e9n v\u00edctimas de una descoordinaci\u00f3n y una falta de direcci\u00f3n que nos dej\u00f3 impotentes ante la magnitud de la cat\u00e1strofe.<\/p>\n\n\n\n<p>No queremos escuchar m\u00e1s excusas. No vale echar la culpa solo a la lluvia. La falta de previsi\u00f3n y la negligencia en la gesti\u00f3n convirtieron una emergencia en una cat\u00e1strofe evitable.<\/p>\n\n\n\n<p>Seguimos solicitando, como lo hemos hecho desde el primer momento:<\/p>\n\n\n\n<ol class=\"wp-block-list\">\n<li>Una investigaci\u00f3n independiente, profunda y transparente que aclare todas las responsabilidades, tanto pol\u00edticas como t\u00e9cnicas, que condujeron a esta tragedia. No puede quedar impune.<\/li>\n\n\n\n<li>Una revisi\u00f3n inmediata y exhaustiva de todos los protocolos de seguridad y emergencia, con la participaci\u00f3n activa de los trabajadores, que somos quienes conocemos la realidad diaria de la red.<\/li>\n\n\n\n<li>Inversiones urgentes y suficientes en infraestructuras y tecnolog\u00eda para blindar el metro frente a fen\u00f3menos clim\u00e1ticos extremos, que ser\u00e1n cada vez m\u00e1s frecuentes.<\/li>\n\n\n\n<li>Garant\u00edas para que NUNCA, JAM\u00c1S, se vuelva a poner en riesgo la vida de las personas por una gesti\u00f3n negligente.<\/li>\n<\/ol>\n\n\n\n<p>Hoy, nuestra lucha es por la verdad, la justicia y la dignidad de las v\u00edctimas. Nos comprometemos, desde nuestro puesto de trabajo, a seguir luchando por un transporte p\u00fablico y de calidad, que sea un servicio seguro, digno y al servicio de la ciudadan\u00eda.<\/p>\n\n\n\n<p>Los Trabajadores y Trabajadoras de FGV estaremos siempre del lado de las v\u00edctimas.\u00bb<\/p>\n","protected":false},"excerpt":{"rendered":"<div class=\"mh-excerpt\"><p>Nosotr@s, los trabajador@s de una empresa p\u00fablica que amamos nuestro trabajo. Vemos con desidia y desaz\u00f3n que es lo que ocurre con nuestro d\u00eda a <a class=\"mh-excerpt-more\" href=\"https:\/\/ugtfgvvalencia.es\/index.php\/2025\/10\/31\/a-un-ano-vista\/\" title=\"A un a\u00f1o vista\">[&#8230;]<\/a><\/p>\n<\/div>","protected":false},"author":2,"featured_media":487,"comment_status":"closed","ping_status":"closed","sticky":false,"template":"","format":"standard","meta":{"footnotes":"","jetpack_publicize_message":"","jetpack_publicize_feature_enabled":true,"jetpack_social_post_already_shared":false,"jetpack_social_options":{"image_generator_settings":{"template":"highway","default_image_id":0,"font":"","enabled":false},"version":2}},"categories":[1],"tags":[],"class_list":["post-485","post","type-post","status-publish","format-standard","has-post-thumbnail","hentry","category-sin-categoria"],"jetpack_publicize_connections":[],"_links":{"self":[{"href":"https:\/\/ugtfgvvalencia.es\/index.php\/wp-json\/wp\/v2\/posts\/485","targetHints":{"allow":["GET"]}}],"collection":[{"href":"https:\/\/ugtfgvvalencia.es\/index.php\/wp-json\/wp\/v2\/posts"}],"about":[{"href":"https:\/\/ugtfgvvalencia.es\/index.php\/wp-json\/wp\/v2\/types\/post"}],"author":[{"embeddable":true,"href":"https:\/\/ugtfgvvalencia.es\/index.php\/wp-json\/wp\/v2\/users\/2"}],"replies":[{"embeddable":true,"href":"https:\/\/ugtfgvvalencia.es\/index.php\/wp-json\/wp\/v2\/comments?post=485"}],"version-history":[{"count":1,"href":"https:\/\/ugtfgvvalencia.es\/index.php\/wp-json\/wp\/v2\/posts\/485\/revisions"}],"predecessor-version":[{"id":488,"href":"https:\/\/ugtfgvvalencia.es\/index.php\/wp-json\/wp\/v2\/posts\/485\/revisions\/488"}],"wp:featuredmedia":[{"embeddable":true,"href":"https:\/\/ugtfgvvalencia.es\/index.php\/wp-json\/wp\/v2\/media\/487"}],"wp:attachment":[{"href":"https:\/\/ugtfgvvalencia.es\/index.php\/wp-json\/wp\/v2\/media?parent=485"}],"wp:term":[{"taxonomy":"category","embeddable":true,"href":"https:\/\/ugtfgvvalencia.es\/index.php\/wp-json\/wp\/v2\/categories?post=485"},{"taxonomy":"post_tag","embeddable":true,"href":"https:\/\/ugtfgvvalencia.es\/index.php\/wp-json\/wp\/v2\/tags?post=485"}],"curies":[{"name":"wp","href":"https:\/\/api.w.org\/{rel}","templated":true}]}}