{"id":438,"date":"2024-11-12T12:39:46","date_gmt":"2024-11-12T12:39:46","guid":{"rendered":"https:\/\/ugtfgvvalencia.es\/?p=438"},"modified":"2024-11-12T14:16:02","modified_gmt":"2024-11-12T14:16:02","slug":"ayudas-de-la-dana","status":"publish","type":"post","link":"https:\/\/ugtfgvvalencia.es\/index.php\/2024\/11\/12\/ayudas-de-la-dana\/","title":{"rendered":"Ayudas de LA DANA"},"content":{"rendered":"\n<div class=\"wp-block-group is-layout-grid wp-container-core-group-is-layout-9649a0d9 wp-block-group-is-layout-grid\">\n<figure class=\"wp-block-image size-large\"><img loading=\"lazy\" decoding=\"async\" width=\"1024\" height=\"1024\" src=\"https:\/\/ugtfgvvalencia.es\/wp-content\/uploads\/2024\/11\/IMG-20241107-WA0033-1024x1024.jpg\" alt=\"\" class=\"wp-image-439\" srcset=\"https:\/\/ugtfgvvalencia.es\/wp-content\/uploads\/2024\/11\/IMG-20241107-WA0033-1024x1024.jpg 1024w, https:\/\/ugtfgvvalencia.es\/wp-content\/uploads\/2024\/11\/IMG-20241107-WA0033-300x300.jpg 300w, https:\/\/ugtfgvvalencia.es\/wp-content\/uploads\/2024\/11\/IMG-20241107-WA0033-150x150.jpg 150w, https:\/\/ugtfgvvalencia.es\/wp-content\/uploads\/2024\/11\/IMG-20241107-WA0033-768x768.jpg 768w, https:\/\/ugtfgvvalencia.es\/wp-content\/uploads\/2024\/11\/IMG-20241107-WA0033.jpg 1080w\" sizes=\"auto, (max-width: 1024px) 100vw, 1024px\" \/><\/figure>\n\n\n\n<figure class=\"wp-block-image size-large\"><img loading=\"lazy\" decoding=\"async\" width=\"1024\" height=\"1024\" src=\"https:\/\/ugtfgvvalencia.es\/wp-content\/uploads\/2024\/11\/IMG-20241107-WA0031-1024x1024.jpg\" alt=\"\" class=\"wp-image-440\" srcset=\"https:\/\/ugtfgvvalencia.es\/wp-content\/uploads\/2024\/11\/IMG-20241107-WA0031-1024x1024.jpg 1024w, https:\/\/ugtfgvvalencia.es\/wp-content\/uploads\/2024\/11\/IMG-20241107-WA0031-300x300.jpg 300w, https:\/\/ugtfgvvalencia.es\/wp-content\/uploads\/2024\/11\/IMG-20241107-WA0031-150x150.jpg 150w, https:\/\/ugtfgvvalencia.es\/wp-content\/uploads\/2024\/11\/IMG-20241107-WA0031-768x768.jpg 768w, https:\/\/ugtfgvvalencia.es\/wp-content\/uploads\/2024\/11\/IMG-20241107-WA0031.jpg 1080w\" sizes=\"auto, (max-width: 1024px) 100vw, 1024px\" \/><\/figure>\n\n\n\n<figure class=\"wp-block-image size-large\"><img loading=\"lazy\" decoding=\"async\" width=\"1024\" height=\"1024\" src=\"https:\/\/ugtfgvvalencia.es\/wp-content\/uploads\/2024\/11\/IMG-20241107-WA0030-1024x1024.jpg\" alt=\"\" class=\"wp-image-441\" srcset=\"https:\/\/ugtfgvvalencia.es\/wp-content\/uploads\/2024\/11\/IMG-20241107-WA0030-1024x1024.jpg 1024w, https:\/\/ugtfgvvalencia.es\/wp-content\/uploads\/2024\/11\/IMG-20241107-WA0030-300x300.jpg 300w, https:\/\/ugtfgvvalencia.es\/wp-content\/uploads\/2024\/11\/IMG-20241107-WA0030-150x150.jpg 150w, https:\/\/ugtfgvvalencia.es\/wp-content\/uploads\/2024\/11\/IMG-20241107-WA0030-768x768.jpg 768w, https:\/\/ugtfgvvalencia.es\/wp-content\/uploads\/2024\/11\/IMG-20241107-WA0030.jpg 1080w\" sizes=\"auto, (max-width: 1024px) 100vw, 1024px\" \/><\/figure>\n\n\n\n<figure class=\"wp-block-image size-large\"><img loading=\"lazy\" decoding=\"async\" width=\"1024\" height=\"1024\" src=\"https:\/\/ugtfgvvalencia.es\/wp-content\/uploads\/2024\/11\/IMG-20241107-WA0029-1024x1024.jpg\" alt=\"\" class=\"wp-image-442\" srcset=\"https:\/\/ugtfgvvalencia.es\/wp-content\/uploads\/2024\/11\/IMG-20241107-WA0029-1024x1024.jpg 1024w, https:\/\/ugtfgvvalencia.es\/wp-content\/uploads\/2024\/11\/IMG-20241107-WA0029-300x300.jpg 300w, https:\/\/ugtfgvvalencia.es\/wp-content\/uploads\/2024\/11\/IMG-20241107-WA0029-150x150.jpg 150w, https:\/\/ugtfgvvalencia.es\/wp-content\/uploads\/2024\/11\/IMG-20241107-WA0029-768x768.jpg 768w, https:\/\/ugtfgvvalencia.es\/wp-content\/uploads\/2024\/11\/IMG-20241107-WA0029.jpg 1080w\" sizes=\"auto, (max-width: 1024px) 100vw, 1024px\" \/><\/figure>\n<\/div>\n\n\n\n<div class=\"wp-block-group is-layout-grid wp-container-core-group-is-layout-9649a0d9 wp-block-group-is-layout-grid\">\n<figure class=\"wp-block-image size-large\"><img loading=\"lazy\" decoding=\"async\" width=\"1024\" height=\"1024\" src=\"https:\/\/ugtfgvvalencia.es\/wp-content\/uploads\/2024\/11\/IMG-20241107-WA0028-1-1024x1024.jpg\" alt=\"\" class=\"wp-image-444\" srcset=\"https:\/\/ugtfgvvalencia.es\/wp-content\/uploads\/2024\/11\/IMG-20241107-WA0028-1-1024x1024.jpg 1024w, https:\/\/ugtfgvvalencia.es\/wp-content\/uploads\/2024\/11\/IMG-20241107-WA0028-1-300x300.jpg 300w, https:\/\/ugtfgvvalencia.es\/wp-content\/uploads\/2024\/11\/IMG-20241107-WA0028-1-150x150.jpg 150w, https:\/\/ugtfgvvalencia.es\/wp-content\/uploads\/2024\/11\/IMG-20241107-WA0028-1-768x768.jpg 768w, https:\/\/ugtfgvvalencia.es\/wp-content\/uploads\/2024\/11\/IMG-20241107-WA0028-1.jpg 1080w\" sizes=\"auto, (max-width: 1024px) 100vw, 1024px\" \/><\/figure>\n\n\n\n<figure class=\"wp-block-image size-large\"><img loading=\"lazy\" decoding=\"async\" width=\"1024\" height=\"1024\" src=\"https:\/\/ugtfgvvalencia.es\/wp-content\/uploads\/2024\/11\/IMG-20241107-WA0025-1024x1024.jpg\" alt=\"\" class=\"wp-image-445\" srcset=\"https:\/\/ugtfgvvalencia.es\/wp-content\/uploads\/2024\/11\/IMG-20241107-WA0025-1024x1024.jpg 1024w, https:\/\/ugtfgvvalencia.es\/wp-content\/uploads\/2024\/11\/IMG-20241107-WA0025-300x300.jpg 300w, https:\/\/ugtfgvvalencia.es\/wp-content\/uploads\/2024\/11\/IMG-20241107-WA0025-150x150.jpg 150w, https:\/\/ugtfgvvalencia.es\/wp-content\/uploads\/2024\/11\/IMG-20241107-WA0025-768x768.jpg 768w, https:\/\/ugtfgvvalencia.es\/wp-content\/uploads\/2024\/11\/IMG-20241107-WA0025.jpg 1080w\" sizes=\"auto, (max-width: 1024px) 100vw, 1024px\" \/><\/figure>\n\n\n\n<figure class=\"wp-block-image size-large\"><img loading=\"lazy\" decoding=\"async\" width=\"1024\" height=\"1024\" src=\"https:\/\/ugtfgvvalencia.es\/wp-content\/uploads\/2024\/11\/IMG-20241107-WA0027-1024x1024.jpg\" alt=\"\" class=\"wp-image-446\" srcset=\"https:\/\/ugtfgvvalencia.es\/wp-content\/uploads\/2024\/11\/IMG-20241107-WA0027-1024x1024.jpg 1024w, https:\/\/ugtfgvvalencia.es\/wp-content\/uploads\/2024\/11\/IMG-20241107-WA0027-300x300.jpg 300w, https:\/\/ugtfgvvalencia.es\/wp-content\/uploads\/2024\/11\/IMG-20241107-WA0027-150x150.jpg 150w, https:\/\/ugtfgvvalencia.es\/wp-content\/uploads\/2024\/11\/IMG-20241107-WA0027-768x768.jpg 768w, https:\/\/ugtfgvvalencia.es\/wp-content\/uploads\/2024\/11\/IMG-20241107-WA0027.jpg 1080w\" sizes=\"auto, (max-width: 1024px) 100vw, 1024px\" \/><\/figure>\n\n\n\n<figure class=\"wp-block-image size-large\"><img loading=\"lazy\" decoding=\"async\" width=\"1024\" height=\"1024\" src=\"https:\/\/ugtfgvvalencia.es\/wp-content\/uploads\/2024\/11\/IMG-20241107-WA0026-1024x1024.jpg\" alt=\"\" class=\"wp-image-447\" srcset=\"https:\/\/ugtfgvvalencia.es\/wp-content\/uploads\/2024\/11\/IMG-20241107-WA0026-1024x1024.jpg 1024w, https:\/\/ugtfgvvalencia.es\/wp-content\/uploads\/2024\/11\/IMG-20241107-WA0026-300x300.jpg 300w, https:\/\/ugtfgvvalencia.es\/wp-content\/uploads\/2024\/11\/IMG-20241107-WA0026-150x150.jpg 150w, https:\/\/ugtfgvvalencia.es\/wp-content\/uploads\/2024\/11\/IMG-20241107-WA0026-768x768.jpg 768w, https:\/\/ugtfgvvalencia.es\/wp-content\/uploads\/2024\/11\/IMG-20241107-WA0026.jpg 1080w\" sizes=\"auto, (max-width: 1024px) 100vw, 1024px\" \/><\/figure>\n<\/div>\n\n\n\n<div class=\"wp-block-group is-layout-grid wp-container-core-group-is-layout-9649a0d9 wp-block-group-is-layout-grid\">\n<figure class=\"wp-block-image size-large\"><img loading=\"lazy\" decoding=\"async\" width=\"1024\" height=\"1024\" src=\"https:\/\/ugtfgvvalencia.es\/wp-content\/uploads\/2024\/11\/IMG-20241107-WA0023-1024x1024.jpg\" alt=\"\" class=\"wp-image-448\" srcset=\"https:\/\/ugtfgvvalencia.es\/wp-content\/uploads\/2024\/11\/IMG-20241107-WA0023-1024x1024.jpg 1024w, https:\/\/ugtfgvvalencia.es\/wp-content\/uploads\/2024\/11\/IMG-20241107-WA0023-300x300.jpg 300w, https:\/\/ugtfgvvalencia.es\/wp-content\/uploads\/2024\/11\/IMG-20241107-WA0023-150x150.jpg 150w, https:\/\/ugtfgvvalencia.es\/wp-content\/uploads\/2024\/11\/IMG-20241107-WA0023-768x768.jpg 768w, https:\/\/ugtfgvvalencia.es\/wp-content\/uploads\/2024\/11\/IMG-20241107-WA0023.jpg 1080w\" sizes=\"auto, (max-width: 1024px) 100vw, 1024px\" \/><\/figure>\n\n\n<\/div>\n\n\n\n<p>PRINCIPALES MEDIDAS APROBADAS POR EL GOBIERNO DE ESPA\u00d1A PARA PALIAR LOS DA\u00d1OS DE LA DANA<\/p>\n\n\n\n<p>El primer paquete de medidas, aprobadas hoy por el Consejo de Ministros, tiene un coste total de 10.600 millones de euros.<\/p>\n\n\n\n<p>\u2714 \u00c1mbito: 78 municipios (75 de la Comunitat Valenciana, 2 de Castilla-La Mancha y 1 de Andaluc\u00eda).<\/p>\n\n\n\n<p>\u2714 Se cuadriplican las ayudas p\u00fablicas previstas en la ley por fallecimiento, incapacidad, da\u00f1os en enseres y en vivienda, sin umbrales de renta. El Gobierno de Espa\u00f1a va a transferir hasta 72.000 euros por casos de incapacidad. Entre 20.000 y 60.000 euros para la reparaci\u00f3n de las viviendas da\u00f1adas. Hasta 10.300 euros para cambiar o reparar muebles, electrodom\u00e9sticos y enseres. Y hasta 37.000 euros para reparar elementos de las comunidades de vecinos.<\/p>\n\n\n\n<p>\u2714 Ayudas directas por 838 millones de euros para pymes y aut\u00f3nomos de las zonas m\u00e1s gravemente afectadas. Estas ayudas ser\u00e1n de 5.000 euros para los aut\u00f3nomos y oscilar\u00e1n entre los 10.000 y los 150.000 euros para las empresas, en funci\u00f3n de su volumen de negocio. Para recibirlas, bastar\u00e1 con indicar el n\u00famero de cuenta bancaria y empezar\u00e1n a cobrarse en menos de un mes, beneficiando a unos 65.000 trabajadores aut\u00f3nomos y unas 30.000 empresas.<\/p>\n\n\n\n<p>\u2714 Se crea una incapacidad temporal extraordinaria de trabajadores y aut\u00f3nomos con da\u00f1os f\u00edsicos o psicol\u00f3gicos provocada por la DANA. Al considerarse accidente de trabajo, lo que garantiza el 75% de su salario desde el primer d\u00eda de incapacidad.<\/p>\n\n\n\n<p>\u2714 Prestaci\u00f3n por cese de actividad para aut\u00f3nomos que deben parar o suspender su trabajo, que corresponde al 70% de la base de cotizaci\u00f3n. Podr\u00e1n acceder a la ayuda aunque no tengan el periodo m\u00ednimo de cotizaci\u00f3n exigido y sin que les reduzca sus prestaciones en el futuro.<\/p>\n\n\n\n<p>\u2714 Aumento del 15% durante tres meses para las personas que perciben el ingreso m\u00ednimo vital o pensiones no contributivas.<\/p>\n\n\n\n<p>\u2714 El Consorcio de Compensaci\u00f3n de Seguros, dependiente del Ministerio de Econom\u00eda, empezar\u00e1 a abonar ma\u00f1ana mismo las primeras indemnizaciones a aquellas familias y empresas que han perdido su veh\u00edculo.<\/p>\n\n\n\n<p>\u2714 Se crea de una l\u00ednea de avales DANA por valor de 5.000 millones de euros para empresas y aut\u00f3nomos. Hoy se ha aprobado el primer tramo, por 1.000 millones de euros.<\/p>\n\n\n\n<p>\u2714 Gracias a la reforma laboral, las empresas afectadas que suspendan temporalmente la actividad de sus trabajadores a trav\u00e9s de un ERTE estar\u00e1n exentas de pagar el 100% de las cotizaciones a la Seguridad Social de la plantilla, al menos hasta febrero de 2025.<\/p>\n\n\n\n<p>\u2714 Gracias al acuerdo del Gobierno de Espa\u00f1a ha llegado con los bancos, los ciudadanos y las pymes que tengan una hipoteca o un pr\u00e9stamo al consumo podr\u00e1n posponer el pago \u00edntegro de sus cr\u00e9ditos durante 3 meses, y pagar solo los intereses durante 9 meses adicionales.<\/p>\n\n\n\n<p>\u2714 Otras medidas fiscales<br>\u25b6 Exenci\u00f3n del IBI correspondiente al ejercicio 2024.<br>\u25b6 Reducci\u00f3n el IAE correspondiente al ejercicio 2024.<br>\u25b6 No se pagar\u00e1n tasas de Tr\u00e1fico ni en la Polic\u00eda al tramitar la baja de veh\u00edculos da\u00f1ados o sustituir los carnets de conducir y los DNI.<br>\u25b6 Las ayudas por da\u00f1os personales quedan exentas de tributaci\u00f3n en el IRPF.<br>\u25b6 Aplazado el segundo pago de la declaraci\u00f3n de la renta hasta 2025 para los afectados por la DANA, beneficiando a 200.000 contribuyentes<br>\u25b6 Reducci\u00f3n en IRPF e IVA para explotaciones y actividades agrarias de la zona afectada.<\/p>\n\n\n\n<p>\u2714 El Gobierno de Espa\u00f1a pagar\u00e1 el 100% de los gastos de emergencia que tengan los ayuntamientos afectados. Se pagar\u00e1 hasta el 50% de todas las obras que tengan que llevar a cabo en los pr\u00f3ximos meses y a\u00f1os para reparar infraestructuras, instalaciones y servicios como carreteras, polideportivos, o centros c\u00edvicos. Se les compensar\u00e1 por los impuestos municipales que dejen de percibir. Y se ampliar\u00e1 su posibilidad de gasto con las inversiones financieramente sostenibles.<\/p>\n\n\n\n<p>\u2714 Se reforzar\u00e1n los juzgados y los equipos de notarios y registradores de la propiedad. Portal de emergencias registrales para que, v\u00eda sat\u00e9lite, los ciudadanos puedan certificar la ubicaci\u00f3n de sus bienes inmuebles de la forma m\u00e1s sencilla. Oficinas de refuerzo en los municipios afectados que apoyar\u00e1n a los funcionarios locales a atender a la ciudadan\u00eda y acelerar los tr\u00e1mites burocr\u00e1ticos.<\/p>\n\n\n\n<p>\u2714 Se crea una Comisi\u00f3n interministerial que coordinar\u00e1 las labores de reconstrucci\u00f3n y relanzamiento del Plan para la Comunidad Valenciana.<\/p>\n\n\n\n<p>\u2714 Mecanismos para fortalecer la cooperaci\u00f3n bilateral con los gobiernos auton\u00f3micos afectados y, muy especialmente, el gobierno de la Generalitat Valenciana.<\/p>\n\n\n\n<p>\u2714 Se solicita a la Comisi\u00f3n Europea la Ayuda del Fondo Europeo de Solidaridad. Petici\u00f3n de aprobaci\u00f3n al Consejo y al Parlamento Europeo \u2013por v\u00eda de urgencia\u2013 de un nuevo Reglamento denominado RESTORE, que permitir\u00e1 reprogramar los fondos de cohesi\u00f3n FEDER y FSE+ para dedicar parte de sus recursos a paliar los da\u00f1os ocasionados por desastres naturales<\/p>\n\n\n\n<p>Adem\u00e1s indicamos el enlace para poder solicitarlas. \u00c1nimo y fuerza compa\u00f1er@. Un abrazo.<\/p>\n\n\n\n<p><a href=\"https:\/\/www.interior.gob.es\/opencms\/es\/Info-DANA\/\">https:\/\/www.interior.gob.es\/opencms\/es\/Info-DANA\/<\/a><\/p>\n","protected":false},"excerpt":{"rendered":"<div class=\"mh-excerpt\"><p>PRINCIPALES MEDIDAS APROBADAS POR EL GOBIERNO DE ESPA\u00d1A PARA PALIAR LOS DA\u00d1OS DE LA DANA El primer paquete de medidas, aprobadas hoy por el Consejo <a class=\"mh-excerpt-more\" href=\"https:\/\/ugtfgvvalencia.es\/index.php\/2024\/11\/12\/ayudas-de-la-dana\/\" title=\"Ayudas de LA DANA\">[&#8230;]<\/a><\/p>\n<\/div>","protected":false},"author":2,"featured_media":449,"comment_status":"closed","ping_status":"closed","sticky":false,"template":"","format":"standard","meta":{"footnotes":"","jetpack_publicize_message":"","jetpack_publicize_feature_enabled":true,"jetpack_social_post_already_shared":false,"jetpack_social_options":{"image_generator_settings":{"template":"highway","default_image_id":0,"font":"","enabled":false},"version":2}},"categories":[1],"tags":[],"class_list":["post-438","post","type-post","status-publish","format-standard","has-post-thumbnail","hentry","category-sin-categoria"],"jetpack_publicize_connections":[],"_links":{"self":[{"href":"https:\/\/ugtfgvvalencia.es\/index.php\/wp-json\/wp\/v2\/posts\/438","targetHints":{"allow":["GET"]}}],"collection":[{"href":"https:\/\/ugtfgvvalencia.es\/index.php\/wp-json\/wp\/v2\/posts"}],"about":[{"href":"https:\/\/ugtfgvvalencia.es\/index.php\/wp-json\/wp\/v2\/types\/post"}],"author":[{"embeddable":true,"href":"https:\/\/ugtfgvvalencia.es\/index.php\/wp-json\/wp\/v2\/users\/2"}],"replies":[{"embeddable":true,"href":"https:\/\/ugtfgvvalencia.es\/index.php\/wp-json\/wp\/v2\/comments?post=438"}],"version-history":[{"count":2,"href":"https:\/\/ugtfgvvalencia.es\/index.php\/wp-json\/wp\/v2\/posts\/438\/revisions"}],"predecessor-version":[{"id":452,"href":"https:\/\/ugtfgvvalencia.es\/index.php\/wp-json\/wp\/v2\/posts\/438\/revisions\/452"}],"wp:featuredmedia":[{"embeddable":true,"href":"https:\/\/ugtfgvvalencia.es\/index.php\/wp-json\/wp\/v2\/media\/449"}],"wp:attachment":[{"href":"https:\/\/ugtfgvvalencia.es\/index.php\/wp-json\/wp\/v2\/media?parent=438"}],"wp:term":[{"taxonomy":"category","embeddable":true,"href":"https:\/\/ugtfgvvalencia.es\/index.php\/wp-json\/wp\/v2\/categories?post=438"},{"taxonomy":"post_tag","embeddable":true,"href":"https:\/\/ugtfgvvalencia.es\/index.php\/wp-json\/wp\/v2\/tags?post=438"}],"curies":[{"name":"wp","href":"https:\/\/api.w.org\/{rel}","templated":true}]}}