{"id":426,"date":"2024-11-03T18:43:35","date_gmt":"2024-11-03T18:43:35","guid":{"rendered":"https:\/\/ugtfgvvalencia.es\/?p=426"},"modified":"2024-11-03T18:43:36","modified_gmt":"2024-11-03T18:43:36","slug":"informacion-trabajadores-afectados-por-la-dana","status":"publish","type":"post","link":"https:\/\/ugtfgvvalencia.es\/index.php\/2024\/11\/03\/informacion-trabajadores-afectados-por-la-dana\/","title":{"rendered":"Informaci\u00f3n Trabajadores afectados por la DANA"},"content":{"rendered":"\n<p>\ud83c\udd84\ud83c\udd76\ud83c\udd83<br>\ud83d\udd14\ud83c\udd58\ud83c\udd5d\ud83c\udd55\ud83c\udd5e\ud83c\udd61\ud83c\udd5c\ud83c\udd50 \ud83d\udd14<\/p>\n\n\n\n<p>\u203c INFORMACI\u00d3N IMPORTANTE PARA LOS TRABAJADORES Y TRABAJADORAS AFECTADOS POR LA DANA\u203c<\/p>\n\n\n\n<p>Desde el Ministerio de Trabajo y Econom\u00eda Social se ha comunicada que las personas afectadas por la DANA y que no puedan desplazarse a sus lugares de trabajo, podr\u00e1n hacer uso del teletrabajo. Si esta posibilidad no es factible, podr\u00e1n hacer uso de un permiso retribuido que les eximir\u00e1 de trabajar.<\/p>\n\n\n\n<p>PUEDES HACER USO DE ESTE PERMISO SI TE ENCUENTRAS EN ALGUNO DE ESTOS SUPUESTOS<\/p>\n\n\n\n<ul class=\"wp-block-list\">\n<li>Si el desplazamiento supone poner en peligro tu seguridad o interfiere en las labores de rescate y recuperaci\u00f3n de zonas afectadas.<\/li>\n\n\n\n<li>Si necesitas buscar a familiares desaparecidos o hacerte cargo de un fallecimiento.<\/li>\n\n\n\n<li>Si has perdido tu vivienda o enseres.<\/li>\n\n\n\n<li>Si no cuentas con dispositivos o cobertura, no se contemplar\u00e1 la necesidad de teletrabajo.<\/li>\n<\/ul>\n\n\n\n<p>Tod@s los delegad@s de UGT estamos a vuestra disposici\u00f3n para cualquier consulta, aclaraci\u00f3n o ayuda que podamos brindaros.<\/p>\n\n\n\n<p>Juntos somos m\u00e1s fuertes y saldremos de esta<\/p>\n\n\n\n<pre class=\"wp-block-code\"><code>  tu delegad@\n           \ud835\ude50\ud835\ude42\ud835\ude4f<\/code><\/pre>\n","protected":false},"excerpt":{"rendered":"<div class=\"mh-excerpt\"><p>\ud83c\udd84\ud83c\udd76\ud83c\udd83\ud83d\udd14\ud83c\udd58\ud83c\udd5d\ud83c\udd55\ud83c\udd5e\ud83c\udd61\ud83c\udd5c\ud83c\udd50 \ud83d\udd14 \u203c INFORMACI\u00d3N IMPORTANTE PARA LOS TRABAJADORES Y TRABAJADORAS AFECTADOS POR LA DANA\u203c Desde el Ministerio de Trabajo y Econom\u00eda Social se ha comunicada <a class=\"mh-excerpt-more\" href=\"https:\/\/ugtfgvvalencia.es\/index.php\/2024\/11\/03\/informacion-trabajadores-afectados-por-la-dana\/\" title=\"Informaci\u00f3n Trabajadores afectados por la DANA\">[&#8230;]<\/a><\/p>\n<\/div>","protected":false},"author":2,"featured_media":427,"comment_status":"closed","ping_status":"closed","sticky":false,"template":"","format":"standard","meta":{"footnotes":"","jetpack_publicize_message":"","jetpack_publicize_feature_enabled":true,"jetpack_social_post_already_shared":false,"jetpack_social_options":{"image_generator_settings":{"template":"highway","default_image_id":0,"font":"","enabled":false},"version":2}},"categories":[1],"tags":[],"class_list":["post-426","post","type-post","status-publish","format-standard","has-post-thumbnail","hentry","category-sin-categoria"],"jetpack_publicize_connections":[],"_links":{"self":[{"href":"https:\/\/ugtfgvvalencia.es\/index.php\/wp-json\/wp\/v2\/posts\/426","targetHints":{"allow":["GET"]}}],"collection":[{"href":"https:\/\/ugtfgvvalencia.es\/index.php\/wp-json\/wp\/v2\/posts"}],"about":[{"href":"https:\/\/ugtfgvvalencia.es\/index.php\/wp-json\/wp\/v2\/types\/post"}],"author":[{"embeddable":true,"href":"https:\/\/ugtfgvvalencia.es\/index.php\/wp-json\/wp\/v2\/users\/2"}],"replies":[{"embeddable":true,"href":"https:\/\/ugtfgvvalencia.es\/index.php\/wp-json\/wp\/v2\/comments?post=426"}],"version-history":[{"count":1,"href":"https:\/\/ugtfgvvalencia.es\/index.php\/wp-json\/wp\/v2\/posts\/426\/revisions"}],"predecessor-version":[{"id":428,"href":"https:\/\/ugtfgvvalencia.es\/index.php\/wp-json\/wp\/v2\/posts\/426\/revisions\/428"}],"wp:featuredmedia":[{"embeddable":true,"href":"https:\/\/ugtfgvvalencia.es\/index.php\/wp-json\/wp\/v2\/media\/427"}],"wp:attachment":[{"href":"https:\/\/ugtfgvvalencia.es\/index.php\/wp-json\/wp\/v2\/media?parent=426"}],"wp:term":[{"taxonomy":"category","embeddable":true,"href":"https:\/\/ugtfgvvalencia.es\/index.php\/wp-json\/wp\/v2\/categories?post=426"},{"taxonomy":"post_tag","embeddable":true,"href":"https:\/\/ugtfgvvalencia.es\/index.php\/wp-json\/wp\/v2\/tags?post=426"}],"curies":[{"name":"wp","href":"https:\/\/api.w.org\/{rel}","templated":true}]}}