{"id":422,"date":"2024-11-03T11:29:55","date_gmt":"2024-11-03T11:29:55","guid":{"rendered":"https:\/\/ugtfgvvalencia.es\/?p=422"},"modified":"2024-11-03T11:29:57","modified_gmt":"2024-11-03T11:29:57","slug":"todos-con-la-dana-solicitud-consorcio","status":"publish","type":"post","link":"https:\/\/ugtfgvvalencia.es\/index.php\/2024\/11\/03\/todos-con-la-dana-solicitud-consorcio\/","title":{"rendered":"Todos con la DANA solicitud consorcio"},"content":{"rendered":"\n<p>Ugt tambi\u00e9n apoya a tod@s los afectados por la DANA. Os mandamos un enlace para ayuda para las indemnizaciones y solicitudes para el consorcio.<\/p>\n\n\n\n<p>Buenas tardes,<\/p>\n\n\n\n<p>Si alguien ha resultado afectado por la dana que tantos da\u00f1os nos ha causado y necesita asesoramiento, puede consultarnos y, dentro de nuestras posibilidades, le indicaremos lo que debe hacer para reclamar a su seguro o al consorcio de compensaci\u00f3n de seguros. Ojo con los plazos que son breves.<\/p>\n\n\n\n<p>Cuando hay da\u00f1os causados por una dana, se consideran da\u00f1os consorciables, por los que lo cubre el consorcio de compensaci\u00f3n de seguros.<\/p>\n\n\n\n<p>Ojo!!: Para reclamar al consorcio deb\u00e9is tener un seguro que cubra los bienes o las personas sobre las que vais a reclamar. El seguro debe estar en vigor y al corriente de pago.<br>El plazo para que lo hag\u00e1is es de 7 d\u00edas.<\/p>\n\n\n\n<p>El asesoramiento lo realizaremos de forma totalmente gratuita, solo queremos ayudar a los afectados.<\/p>\n\n\n\n<p>Os ponemos un link con una gu\u00eda que es bastante \u00fatil: <\/p>\n\n\n\n<p><a href=\"https:\/\/www.consorseguros.es\/ambitos-de-actividad\/seguros-de-riesgos-extraordinarios\/guia-rapida-de-solicitud-de-indemnizacion\">https:\/\/www.consorseguros.es\/ambitos-de-actividad\/seguros-de-riesgos-extraordinarios\/guia-rapida-de-solicitud-de-indemnizacion<\/a><\/p>\n\n\n\n<p>Un saludo y mucho \u00e1nimo a todos.<\/p>\n","protected":false},"excerpt":{"rendered":"<div class=\"mh-excerpt\"><p>Ugt tambi\u00e9n apoya a tod@s los afectados por la DANA. Os mandamos un enlace para ayuda para las indemnizaciones y solicitudes para el consorcio. Buenas <a class=\"mh-excerpt-more\" href=\"https:\/\/ugtfgvvalencia.es\/index.php\/2024\/11\/03\/todos-con-la-dana-solicitud-consorcio\/\" title=\"Todos con la DANA solicitud consorcio\">[&#8230;]<\/a><\/p>\n<\/div>","protected":false},"author":2,"featured_media":423,"comment_status":"closed","ping_status":"closed","sticky":false,"template":"","format":"standard","meta":{"footnotes":"","jetpack_publicize_message":"","jetpack_publicize_feature_enabled":true,"jetpack_social_post_already_shared":false,"jetpack_social_options":{"image_generator_settings":{"template":"highway","default_image_id":0,"font":"","enabled":false},"version":2}},"categories":[1],"tags":[],"class_list":["post-422","post","type-post","status-publish","format-standard","has-post-thumbnail","hentry","category-sin-categoria"],"jetpack_publicize_connections":[],"_links":{"self":[{"href":"https:\/\/ugtfgvvalencia.es\/index.php\/wp-json\/wp\/v2\/posts\/422","targetHints":{"allow":["GET"]}}],"collection":[{"href":"https:\/\/ugtfgvvalencia.es\/index.php\/wp-json\/wp\/v2\/posts"}],"about":[{"href":"https:\/\/ugtfgvvalencia.es\/index.php\/wp-json\/wp\/v2\/types\/post"}],"author":[{"embeddable":true,"href":"https:\/\/ugtfgvvalencia.es\/index.php\/wp-json\/wp\/v2\/users\/2"}],"replies":[{"embeddable":true,"href":"https:\/\/ugtfgvvalencia.es\/index.php\/wp-json\/wp\/v2\/comments?post=422"}],"version-history":[{"count":1,"href":"https:\/\/ugtfgvvalencia.es\/index.php\/wp-json\/wp\/v2\/posts\/422\/revisions"}],"predecessor-version":[{"id":424,"href":"https:\/\/ugtfgvvalencia.es\/index.php\/wp-json\/wp\/v2\/posts\/422\/revisions\/424"}],"wp:featuredmedia":[{"embeddable":true,"href":"https:\/\/ugtfgvvalencia.es\/index.php\/wp-json\/wp\/v2\/media\/423"}],"wp:attachment":[{"href":"https:\/\/ugtfgvvalencia.es\/index.php\/wp-json\/wp\/v2\/media?parent=422"}],"wp:term":[{"taxonomy":"category","embeddable":true,"href":"https:\/\/ugtfgvvalencia.es\/index.php\/wp-json\/wp\/v2\/categories?post=422"},{"taxonomy":"post_tag","embeddable":true,"href":"https:\/\/ugtfgvvalencia.es\/index.php\/wp-json\/wp\/v2\/tags?post=422"}],"curies":[{"name":"wp","href":"https:\/\/api.w.org\/{rel}","templated":true}]}}