{"id":410,"date":"2024-05-13T20:16:45","date_gmt":"2024-05-13T20:16:45","guid":{"rendered":"https:\/\/ugtfgvvalencia.es\/?p=410"},"modified":"2024-05-13T20:17:13","modified_gmt":"2024-05-13T20:17:13","slug":"trabajar-y-no-ser-apto","status":"publish","type":"post","link":"https:\/\/ugtfgvvalencia.es\/index.php\/2024\/05\/13\/trabajar-y-no-ser-apto\/","title":{"rendered":"Trabajar y no ser apto"},"content":{"rendered":"\n<p>Aunque suene absurdo esto est\u00e1 pasando en la empresa p\u00fablica de FGV. Tenemos a tod@s los compa\u00f1er@s de talleres en pie de guerra, por una absurda decisi\u00f3n de la direcci\u00f3n. Esto es una pura verg\u00fcenza. Falta de previsi\u00f3n e inmobilismo que nos tiene acostumbrada esta nueva direcci\u00f3n.<\/p>\n\n\n\n<p>Nunca antes pas\u00f3 esto y sin la previsi\u00f3n, no podemos continuar dando un servicio bueno, eficiente y de calidad. Por cierto, mayor calidad que ten\u00edan las empresas privadas que nos intentaron colar en el pasado.<\/p>\n\n\n\n<p>Siempre, y cuando digo siempre es siempre, hemos demostrado que somos capaces de dar mejor servicio. Mejor incluso que las mismas empresas fabricantes de estas unidades. Por eso no entendemos como es posible que no nos presten atenci\u00f3n.<\/p>\n\n\n\n<p>Desde aqu\u00ed queremos solicitar a la empresa que recapacite. Ya que es muy injusto estar dando la cara por y para esta empresa, y ahora decidan que no puedes optar al puesto de trabajo que ahora mismo estabas ejerciendo. Y solo a\u00f1adir a la prensa, \u00absean m\u00e1s rigurosos\u00bb no olviden sin maldad parte del comunicado que les enviamos. Gracias un saludo, UGT.<\/p>\n\n\n<a href=\"https:\/\/ugtfgvvalencia.es\/wp-content\/uploads\/2024\/05\/Comunicado-prensa1.pdf\" class=\"pdfemb-viewer\" style=\"\" data-width=\"max\" data-height=\"max\" data-toolbar=\"bottom\" data-toolbar-fixed=\"off\">Comunicado-prensa1<\/a>\n\n\n<ul class=\"wp-block-social-links is-layout-flex wp-block-social-links-is-layout-flex\">\n\n\n\n<\/ul>\n","protected":false},"excerpt":{"rendered":"<div class=\"mh-excerpt\"><p>Aunque suene absurdo esto est\u00e1 pasando en la empresa p\u00fablica de FGV. Tenemos a tod@s los compa\u00f1er@s de talleres en pie de guerra, por una <a class=\"mh-excerpt-more\" href=\"https:\/\/ugtfgvvalencia.es\/index.php\/2024\/05\/13\/trabajar-y-no-ser-apto\/\" title=\"Trabajar y no ser apto\">[&#8230;]<\/a><\/p>\n<\/div>","protected":false},"author":2,"featured_media":414,"comment_status":"closed","ping_status":"closed","sticky":false,"template":"","format":"standard","meta":{"footnotes":"","jetpack_publicize_message":"","jetpack_publicize_feature_enabled":true,"jetpack_social_post_already_shared":false,"jetpack_social_options":{"image_generator_settings":{"template":"highway","default_image_id":0,"font":"","enabled":false},"version":2}},"categories":[1],"tags":[],"class_list":["post-410","post","type-post","status-publish","format-standard","has-post-thumbnail","hentry","category-sin-categoria"],"jetpack_publicize_connections":[],"_links":{"self":[{"href":"https:\/\/ugtfgvvalencia.es\/index.php\/wp-json\/wp\/v2\/posts\/410","targetHints":{"allow":["GET"]}}],"collection":[{"href":"https:\/\/ugtfgvvalencia.es\/index.php\/wp-json\/wp\/v2\/posts"}],"about":[{"href":"https:\/\/ugtfgvvalencia.es\/index.php\/wp-json\/wp\/v2\/types\/post"}],"author":[{"embeddable":true,"href":"https:\/\/ugtfgvvalencia.es\/index.php\/wp-json\/wp\/v2\/users\/2"}],"replies":[{"embeddable":true,"href":"https:\/\/ugtfgvvalencia.es\/index.php\/wp-json\/wp\/v2\/comments?post=410"}],"version-history":[{"count":3,"href":"https:\/\/ugtfgvvalencia.es\/index.php\/wp-json\/wp\/v2\/posts\/410\/revisions"}],"predecessor-version":[{"id":420,"href":"https:\/\/ugtfgvvalencia.es\/index.php\/wp-json\/wp\/v2\/posts\/410\/revisions\/420"}],"wp:featuredmedia":[{"embeddable":true,"href":"https:\/\/ugtfgvvalencia.es\/index.php\/wp-json\/wp\/v2\/media\/414"}],"wp:attachment":[{"href":"https:\/\/ugtfgvvalencia.es\/index.php\/wp-json\/wp\/v2\/media?parent=410"}],"wp:term":[{"taxonomy":"category","embeddable":true,"href":"https:\/\/ugtfgvvalencia.es\/index.php\/wp-json\/wp\/v2\/categories?post=410"},{"taxonomy":"post_tag","embeddable":true,"href":"https:\/\/ugtfgvvalencia.es\/index.php\/wp-json\/wp\/v2\/tags?post=410"}],"curies":[{"name":"wp","href":"https:\/\/api.w.org\/{rel}","templated":true}]}}