{"id":399,"date":"2024-04-30T06:40:34","date_gmt":"2024-04-30T06:40:34","guid":{"rendered":"https:\/\/ugtfgvvalencia.es\/?p=399"},"modified":"2024-04-30T06:44:30","modified_gmt":"2024-04-30T06:44:30","slug":"1-de-mayo-2","status":"publish","type":"post","link":"https:\/\/ugtfgvvalencia.es\/index.php\/2024\/04\/30\/1-de-mayo-2\/","title":{"rendered":"1 de Mayo 11:00 Plaza San Agust\u00edn"},"content":{"rendered":"\n<p>Creemos que no vale la pena m\u00e1s que resaltar que es el d\u00eda de los trabajador@s y que si uno no ejerce el derecho y la manifestaci\u00f3n de este derecho se puede quedar en el olvido. Y adem\u00e1s cabe resaltar ciertos aspectos del d\u00eda a d\u00eda destacando los \u00faltimos logros.<\/p>\n\n\n\n<ul class=\"wp-block-list\">\n<li>La ley de familias y conciliaci\u00f3n, forzando al gobierno a regular y ampliar los derechos de los permisos.<\/li>\n\n\n\n<li>La subida del salario m\u00ednimo interprofesional. <\/li>\n\n\n\n<li>El nuevo marco de regulaci\u00f3n laboral.<\/li>\n\n\n\n<li>La revisi\u00f3n de la jubilaci\u00f3n en ciertos trabajos m\u00e1s penosos.<\/li>\n\n\n\n<li>etc, ect,<\/li>\n<\/ul>\n\n\n\n<p>Pasaros tambi\u00e9n el manifiesto de la manifestaci\u00f3n de este 2024, para que esto no quede en el olvido y sigamos progresando. Porque los trabajador@s unidos podemos cambiar las cosas.<\/p>\n\n\n\n<p>Tenemos retos por delante 35 horas, jubilaciones dignas, &#8230; <\/p>\n\n\n<a href=\"https:\/\/ugtfgvvalencia.es\/wp-content\/uploads\/2024\/04\/manifiestoMAYO2024_ccoo-ugt.pdf\" class=\"pdfemb-viewer\" style=\"\" data-width=\"max\" data-height=\"max\" data-toolbar=\"bottom\" data-toolbar-fixed=\"off\">manifiestoMAYO2024_ccoo-ugt<\/a>","protected":false},"excerpt":{"rendered":"<div class=\"mh-excerpt\"><p>Creemos que no vale la pena m\u00e1s que resaltar que es el d\u00eda de los trabajador@s y que si uno no ejerce el derecho y <a class=\"mh-excerpt-more\" href=\"https:\/\/ugtfgvvalencia.es\/index.php\/2024\/04\/30\/1-de-mayo-2\/\" title=\"1 de Mayo 11:00 Plaza San Agust\u00edn\">[&#8230;]<\/a><\/p>\n<\/div>","protected":false},"author":2,"featured_media":401,"comment_status":"closed","ping_status":"closed","sticky":false,"template":"","format":"standard","meta":{"footnotes":"","jetpack_publicize_message":"","jetpack_publicize_feature_enabled":true,"jetpack_social_post_already_shared":false,"jetpack_social_options":{"image_generator_settings":{"template":"highway","default_image_id":0,"font":"","enabled":false},"version":2}},"categories":[1],"tags":[],"class_list":["post-399","post","type-post","status-publish","format-standard","has-post-thumbnail","hentry","category-sin-categoria"],"jetpack_publicize_connections":[],"_links":{"self":[{"href":"https:\/\/ugtfgvvalencia.es\/index.php\/wp-json\/wp\/v2\/posts\/399","targetHints":{"allow":["GET"]}}],"collection":[{"href":"https:\/\/ugtfgvvalencia.es\/index.php\/wp-json\/wp\/v2\/posts"}],"about":[{"href":"https:\/\/ugtfgvvalencia.es\/index.php\/wp-json\/wp\/v2\/types\/post"}],"author":[{"embeddable":true,"href":"https:\/\/ugtfgvvalencia.es\/index.php\/wp-json\/wp\/v2\/users\/2"}],"replies":[{"embeddable":true,"href":"https:\/\/ugtfgvvalencia.es\/index.php\/wp-json\/wp\/v2\/comments?post=399"}],"version-history":[{"count":3,"href":"https:\/\/ugtfgvvalencia.es\/index.php\/wp-json\/wp\/v2\/posts\/399\/revisions"}],"predecessor-version":[{"id":407,"href":"https:\/\/ugtfgvvalencia.es\/index.php\/wp-json\/wp\/v2\/posts\/399\/revisions\/407"}],"wp:featuredmedia":[{"embeddable":true,"href":"https:\/\/ugtfgvvalencia.es\/index.php\/wp-json\/wp\/v2\/media\/401"}],"wp:attachment":[{"href":"https:\/\/ugtfgvvalencia.es\/index.php\/wp-json\/wp\/v2\/media?parent=399"}],"wp:term":[{"taxonomy":"category","embeddable":true,"href":"https:\/\/ugtfgvvalencia.es\/index.php\/wp-json\/wp\/v2\/categories?post=399"},{"taxonomy":"post_tag","embeddable":true,"href":"https:\/\/ugtfgvvalencia.es\/index.php\/wp-json\/wp\/v2\/tags?post=399"}],"curies":[{"name":"wp","href":"https:\/\/api.w.org\/{rel}","templated":true}]}}