{"id":392,"date":"2024-04-18T09:00:11","date_gmt":"2024-04-18T09:00:11","guid":{"rendered":"https:\/\/ugtfgvvalencia.es\/?p=392"},"modified":"2024-04-18T09:00:12","modified_gmt":"2024-04-18T09:00:12","slug":"anulacion-del-proceso-de-oep-mantenimiento","status":"publish","type":"post","link":"https:\/\/ugtfgvvalencia.es\/index.php\/2024\/04\/18\/anulacion-del-proceso-de-oep-mantenimiento\/","title":{"rendered":"Anulaci\u00f3n del proceso de OEP mantenimiento"},"content":{"rendered":"\n<p>Desde UGT estamos luchando para que el proceso de selecci\u00f3n se agilice y as\u00ed recuperar el tiempo para que tod@s aquellos que os est\u00e1is preparando con nosotros podamos llegar a conseguir la plaza. <\/p>\n\n\n\n<p>Adem\u00e1s nos gustar\u00eda a\u00f1adir que en este proceso estamos poniendo toda la carne en el asador, dej\u00e1ndonos todo para acompa\u00f1aros en este proceso, manteniendo as\u00ed los n\u00fameros del 75% de aprobados y consiguiendo plaza. <\/p>\n\n\n\n<p>Hemos insistido a la empresa en estas constantes reuniones que tenemos y debemos a\u00f1adir las plazas que \u00abellos hab\u00edan olvidado\u00bb, ya que debemos de dar un servicio en condiciones y de garant\u00eda para un futuro del mantenimiento por parte de nuestros compa\u00f1eros.<\/p>\n\n\n\n<p>Cabe insistir que en el pasado y con gesti\u00f3n del mismo partido se intent\u00f3 introducir empresas concesionarias en el mantenimiento, dando como finalizado su contrato por incompetencia en muchas ocasiones.<\/p>\n\n\n\n<p>Siempre se demostr\u00f3 que el mantenimiento por parte de personal del taller y compa\u00f1eros de FGV fue, era y ser\u00e1 mucho m\u00e1s eficiente y de calidad. Aumentando la calidad y la seguridad.<\/p>\n\n\n\n<p>Defendamos lo nuestro. Mantenimiento es una pieza esencial en nuestra empresa p\u00fablica. Os mantendremos informados de cuando y como se reanudar\u00e1 el proceso y nuestras clases presenciales. <\/p>\n\n\n\n<p>Aqu\u00ed pod\u00e9is ver la publicaci\u00f3n:<\/p>\n\n\n<a href=\"https:\/\/ugtfgvvalencia.es\/wp-content\/uploads\/2024\/04\/2024_3034-Anulacion-del-Proceso-Selectivo-OEP-2018-2019-y-2022-Mantenimiento.pdf\" class=\"pdfemb-viewer\" style=\"\" data-width=\"max\" data-height=\"max\" data-toolbar=\"bottom\" data-toolbar-fixed=\"off\">2024_3034-Anulacion-del-Proceso-Selectivo-OEP-2018-2019-y-2022-Mantenimiento<\/a>\n\n\n<ul class=\"wp-block-social-links is-layout-flex wp-block-social-links-is-layout-flex\">\n\n\n\n<\/ul>\n","protected":false},"excerpt":{"rendered":"<div class=\"mh-excerpt\"><p>Desde UGT estamos luchando para que el proceso de selecci\u00f3n se agilice y as\u00ed recuperar el tiempo para que tod@s aquellos que os est\u00e1is preparando <a class=\"mh-excerpt-more\" href=\"https:\/\/ugtfgvvalencia.es\/index.php\/2024\/04\/18\/anulacion-del-proceso-de-oep-mantenimiento\/\" title=\"Anulaci\u00f3n del proceso de OEP mantenimiento\">[&#8230;]<\/a><\/p>\n<\/div>","protected":false},"author":2,"featured_media":394,"comment_status":"closed","ping_status":"closed","sticky":false,"template":"","format":"standard","meta":{"footnotes":"","jetpack_publicize_message":"","jetpack_publicize_feature_enabled":true,"jetpack_social_post_already_shared":false,"jetpack_social_options":{"image_generator_settings":{"template":"highway","default_image_id":0,"font":"","enabled":false},"version":2}},"categories":[1],"tags":[],"class_list":["post-392","post","type-post","status-publish","format-standard","has-post-thumbnail","hentry","category-sin-categoria"],"jetpack_publicize_connections":[],"_links":{"self":[{"href":"https:\/\/ugtfgvvalencia.es\/index.php\/wp-json\/wp\/v2\/posts\/392","targetHints":{"allow":["GET"]}}],"collection":[{"href":"https:\/\/ugtfgvvalencia.es\/index.php\/wp-json\/wp\/v2\/posts"}],"about":[{"href":"https:\/\/ugtfgvvalencia.es\/index.php\/wp-json\/wp\/v2\/types\/post"}],"author":[{"embeddable":true,"href":"https:\/\/ugtfgvvalencia.es\/index.php\/wp-json\/wp\/v2\/users\/2"}],"replies":[{"embeddable":true,"href":"https:\/\/ugtfgvvalencia.es\/index.php\/wp-json\/wp\/v2\/comments?post=392"}],"version-history":[{"count":2,"href":"https:\/\/ugtfgvvalencia.es\/index.php\/wp-json\/wp\/v2\/posts\/392\/revisions"}],"predecessor-version":[{"id":397,"href":"https:\/\/ugtfgvvalencia.es\/index.php\/wp-json\/wp\/v2\/posts\/392\/revisions\/397"}],"wp:featuredmedia":[{"embeddable":true,"href":"https:\/\/ugtfgvvalencia.es\/index.php\/wp-json\/wp\/v2\/media\/394"}],"wp:attachment":[{"href":"https:\/\/ugtfgvvalencia.es\/index.php\/wp-json\/wp\/v2\/media?parent=392"}],"wp:term":[{"taxonomy":"category","embeddable":true,"href":"https:\/\/ugtfgvvalencia.es\/index.php\/wp-json\/wp\/v2\/categories?post=392"},{"taxonomy":"post_tag","embeddable":true,"href":"https:\/\/ugtfgvvalencia.es\/index.php\/wp-json\/wp\/v2\/tags?post=392"}],"curies":[{"name":"wp","href":"https:\/\/api.w.org\/{rel}","templated":true}]}}