{"id":337,"date":"2023-12-20T14:48:59","date_gmt":"2023-12-20T14:48:59","guid":{"rendered":"https:\/\/ugtfgvvalencia.es\/?p=337"},"modified":"2023-12-20T14:49:00","modified_gmt":"2023-12-20T14:49:00","slug":"felices-fiestas","status":"publish","type":"post","link":"https:\/\/ugtfgvvalencia.es\/index.php\/2023\/12\/20\/felices-fiestas\/","title":{"rendered":"Felices Fiestas"},"content":{"rendered":"\n<p>Desde la secci\u00f3n sindical de UGT FGV Val\u00e8ncia queremos daros las gracias por el apoyo recibido de tod@s durante este a\u00f1o. Nos gustar\u00eda desearos unas felices fiestas con los vuestr@s y que teng\u00e1is una feliz entrada de a\u00f1o. <\/p>\n\n\n\n<p>Solo por a\u00f1adir algo m\u00e1s, nos gustar\u00eda decir que nos espera mucho trabajo por delante y vamos a empezar el a\u00f1o con much\u00edsima fuerza y energ\u00eda. Que como pod\u00e9is comprobar por trabajo y esfuerzo a esta secci\u00f3n no se le puede pedir m\u00e1s. A\u00fan as\u00ed creemos firmemente que se puede hacer mejor y somos human@s que cometemos errores pero no por ello cesaremos en nuestro intento de mejorar las condiciones \u00ablaborables\u00bb de tod@s. <\/p>\n\n\n\n<p>Desde hace tiempo recibimos muchos ataques, solo deciros que aqu\u00ed estamos para que nos llam\u00e9is para corroborar lo que dicen o aclarar lo que pens\u00e1is que hacemos mal. A vuestra disposici\u00f3n UGT FGV Val\u00e8ncia. <\/p>\n\n\n\n<p>Felices Fiestas<\/p>\n\n\n\n<figure class=\"wp-block-video\"><video height=\"480\" style=\"aspect-ratio: 848 \/ 480;\" width=\"848\" controls src=\"https:\/\/ugtfgvvalencia.es\/wp-content\/uploads\/2023\/12\/WhatsApp-Video-2023-12-14-at-21.56.24.mp4\"><\/video><\/figure>\n","protected":false},"excerpt":{"rendered":"<div class=\"mh-excerpt\"><p>Desde la secci\u00f3n sindical de UGT FGV Val\u00e8ncia queremos daros las gracias por el apoyo recibido de tod@s durante este a\u00f1o. Nos gustar\u00eda desearos unas <a class=\"mh-excerpt-more\" href=\"https:\/\/ugtfgvvalencia.es\/index.php\/2023\/12\/20\/felices-fiestas\/\" title=\"Felices Fiestas\">[&#8230;]<\/a><\/p>\n<\/div>","protected":false},"author":2,"featured_media":342,"comment_status":"closed","ping_status":"closed","sticky":false,"template":"","format":"standard","meta":{"footnotes":"","jetpack_publicize_message":"","jetpack_publicize_feature_enabled":true,"jetpack_social_post_already_shared":false,"jetpack_social_options":{"image_generator_settings":{"template":"highway","default_image_id":0,"font":"","enabled":false},"version":2}},"categories":[1],"tags":[],"class_list":["post-337","post","type-post","status-publish","format-standard","has-post-thumbnail","hentry","category-sin-categoria"],"jetpack_publicize_connections":[],"_links":{"self":[{"href":"https:\/\/ugtfgvvalencia.es\/index.php\/wp-json\/wp\/v2\/posts\/337","targetHints":{"allow":["GET"]}}],"collection":[{"href":"https:\/\/ugtfgvvalencia.es\/index.php\/wp-json\/wp\/v2\/posts"}],"about":[{"href":"https:\/\/ugtfgvvalencia.es\/index.php\/wp-json\/wp\/v2\/types\/post"}],"author":[{"embeddable":true,"href":"https:\/\/ugtfgvvalencia.es\/index.php\/wp-json\/wp\/v2\/users\/2"}],"replies":[{"embeddable":true,"href":"https:\/\/ugtfgvvalencia.es\/index.php\/wp-json\/wp\/v2\/comments?post=337"}],"version-history":[{"count":2,"href":"https:\/\/ugtfgvvalencia.es\/index.php\/wp-json\/wp\/v2\/posts\/337\/revisions"}],"predecessor-version":[{"id":344,"href":"https:\/\/ugtfgvvalencia.es\/index.php\/wp-json\/wp\/v2\/posts\/337\/revisions\/344"}],"wp:featuredmedia":[{"embeddable":true,"href":"https:\/\/ugtfgvvalencia.es\/index.php\/wp-json\/wp\/v2\/media\/342"}],"wp:attachment":[{"href":"https:\/\/ugtfgvvalencia.es\/index.php\/wp-json\/wp\/v2\/media?parent=337"}],"wp:term":[{"taxonomy":"category","embeddable":true,"href":"https:\/\/ugtfgvvalencia.es\/index.php\/wp-json\/wp\/v2\/categories?post=337"},{"taxonomy":"post_tag","embeddable":true,"href":"https:\/\/ugtfgvvalencia.es\/index.php\/wp-json\/wp\/v2\/tags?post=337"}],"curies":[{"name":"wp","href":"https:\/\/api.w.org\/{rel}","templated":true}]}}