{"id":297,"date":"2023-11-16T10:47:51","date_gmt":"2023-11-16T10:47:51","guid":{"rendered":"https:\/\/ugtfgvvalencia.es\/?p=297"},"modified":"2023-12-20T14:09:55","modified_gmt":"2023-12-20T14:09:55","slug":"25-de-noviembre-dia-internacional-de-la-violencia-de-genero","status":"publish","type":"post","link":"https:\/\/ugtfgvvalencia.es\/index.php\/2023\/11\/16\/25-de-noviembre-dia-internacional-de-la-violencia-de-genero\/","title":{"rendered":"25 de noviembre D\u00eda internacional de la violencia de g\u00e9nero"},"content":{"rendered":"\n<p>    Desde nuestra plataforma os queremos llamar la atenci\u00f3n sobre esta lacra que a\u00fan azota a nuestra sociedad, aunque muchos traten de desmitificar esta lucha e incluso tirarla por tierra. No, compa\u00f1er@, esto esta vigente. <\/p>\n\n\n\n<p>    Seg\u00fan los datos del Observatorio Estatal contra la Violencia de G\u00e9nero, entre el 1 de enero de 2003 y<br>el 31 de octubre 2020, eran ya 1.070 las mujeres que han sido asesinadas en Espa\u00f1a por violencia<br>de g\u00e9nero a manos de sus parejas o exparejas. Y eso sigue aumentando.<\/p>\n\n\n\n<p>     Este a\u00f1o y desde el 1 de enero hasta el d\u00eda 16 de noviembre, han muerto 52 mujeres a manos de sus parejas o exparejas, dejando un dato no menos numeroso de hu\u00e9rfanos. Lo m\u00e1s alarmante de este dato es que podemos ver que 40 de estos casos fueron sin denuncia previa. Incluso de las 12 denuncias previas que se realizaron 1 fue de una persona cercana no de la propia v\u00edctima. Lo m\u00e1s asombroso es que el dato aumento desde 2021 con un a\u00f1o donde se produjeron 49 v\u00edctimas mortales de violencia de genero a cargo de sus parejas o exparejas. <\/p>\n\n\n\n<p>   Por todo ello, no podemos dejar de darle importancia y relevancia. No podemos mirar hacia otro lado. Y lo peor de todo, no podemos llamarlo de forma diferente para suavizarlo o esconderlo (violencia intrafamiliar&#8230;). Es importante visibilizarlo y no perderlo de vista, desde nuestro peque\u00f1o altavoz os pedimos una breve reflexi\u00f3n en estos d\u00edas tan convulsos. <\/p>\n\n\n\n<p><strong>No a la violencia de genero, no mires de lado!!! <\/strong><\/p>\n\n\n\n<figure class=\"wp-block-image size-large\"><img loading=\"lazy\" decoding=\"async\" width=\"819\" height=\"1024\" src=\"https:\/\/ugtfgvvalencia.es\/wp-content\/uploads\/2023\/11\/Imagen-de-WhatsApp-2023-11-16-a-las-08.30.33_17f57200-1-819x1024.jpg\" alt=\"\" class=\"wp-image-307\" srcset=\"https:\/\/ugtfgvvalencia.es\/wp-content\/uploads\/2023\/11\/Imagen-de-WhatsApp-2023-11-16-a-las-08.30.33_17f57200-1-819x1024.jpg 819w, https:\/\/ugtfgvvalencia.es\/wp-content\/uploads\/2023\/11\/Imagen-de-WhatsApp-2023-11-16-a-las-08.30.33_17f57200-1-240x300.jpg 240w, https:\/\/ugtfgvvalencia.es\/wp-content\/uploads\/2023\/11\/Imagen-de-WhatsApp-2023-11-16-a-las-08.30.33_17f57200-1-768x960.jpg 768w, https:\/\/ugtfgvvalencia.es\/wp-content\/uploads\/2023\/11\/Imagen-de-WhatsApp-2023-11-16-a-las-08.30.33_17f57200-1.jpg 1080w\" sizes=\"auto, (max-width: 819px) 100vw, 819px\" \/><\/figure>\n","protected":false},"excerpt":{"rendered":"<div class=\"mh-excerpt\"><p>Desde nuestra plataforma os queremos llamar la atenci\u00f3n sobre esta lacra que a\u00fan azota a nuestra sociedad, aunque muchos traten de desmitificar esta lucha e <a class=\"mh-excerpt-more\" href=\"https:\/\/ugtfgvvalencia.es\/index.php\/2023\/11\/16\/25-de-noviembre-dia-internacional-de-la-violencia-de-genero\/\" title=\"25 de noviembre D\u00eda internacional de la violencia de g\u00e9nero\">[&#8230;]<\/a><\/p>\n<\/div>","protected":false},"author":2,"featured_media":305,"comment_status":"closed","ping_status":"closed","sticky":false,"template":"","format":"standard","meta":{"footnotes":"","jetpack_publicize_message":"","jetpack_publicize_feature_enabled":true,"jetpack_social_post_already_shared":false,"jetpack_social_options":{"image_generator_settings":{"template":"highway","default_image_id":0,"font":"","enabled":false},"version":2}},"categories":[1],"tags":[],"class_list":["post-297","post","type-post","status-publish","format-standard","has-post-thumbnail","hentry","category-sin-categoria"],"jetpack_publicize_connections":[],"_links":{"self":[{"href":"https:\/\/ugtfgvvalencia.es\/index.php\/wp-json\/wp\/v2\/posts\/297","targetHints":{"allow":["GET"]}}],"collection":[{"href":"https:\/\/ugtfgvvalencia.es\/index.php\/wp-json\/wp\/v2\/posts"}],"about":[{"href":"https:\/\/ugtfgvvalencia.es\/index.php\/wp-json\/wp\/v2\/types\/post"}],"author":[{"embeddable":true,"href":"https:\/\/ugtfgvvalencia.es\/index.php\/wp-json\/wp\/v2\/users\/2"}],"replies":[{"embeddable":true,"href":"https:\/\/ugtfgvvalencia.es\/index.php\/wp-json\/wp\/v2\/comments?post=297"}],"version-history":[{"count":4,"href":"https:\/\/ugtfgvvalencia.es\/index.php\/wp-json\/wp\/v2\/posts\/297\/revisions"}],"predecessor-version":[{"id":312,"href":"https:\/\/ugtfgvvalencia.es\/index.php\/wp-json\/wp\/v2\/posts\/297\/revisions\/312"}],"wp:featuredmedia":[{"embeddable":true,"href":"https:\/\/ugtfgvvalencia.es\/index.php\/wp-json\/wp\/v2\/media\/305"}],"wp:attachment":[{"href":"https:\/\/ugtfgvvalencia.es\/index.php\/wp-json\/wp\/v2\/media?parent=297"}],"wp:term":[{"taxonomy":"category","embeddable":true,"href":"https:\/\/ugtfgvvalencia.es\/index.php\/wp-json\/wp\/v2\/categories?post=297"},{"taxonomy":"post_tag","embeddable":true,"href":"https:\/\/ugtfgvvalencia.es\/index.php\/wp-json\/wp\/v2\/tags?post=297"}],"curies":[{"name":"wp","href":"https:\/\/api.w.org\/{rel}","templated":true}]}}