{"id":246,"date":"2023-11-06T13:33:45","date_gmt":"2023-11-06T13:33:45","guid":{"rendered":"https:\/\/ugtfgvvalencia.es\/?p=246"},"modified":"2023-11-25T10:49:15","modified_gmt":"2023-11-25T10:49:15","slug":"triptico-ugt","status":"publish","type":"post","link":"https:\/\/ugtfgvvalencia.es\/index.php\/2023\/11\/06\/triptico-ugt\/","title":{"rendered":"Elecciones Sindicales FGV"},"content":{"rendered":"\n<p>Como cada 4 a\u00f1os ya tenemos aqu\u00ed las elecciones y os presentamos el trabajo que hemos preparado para vuestra valoraci\u00f3n. En estos a\u00f1os hemos dedicado todo nuestro esfuerzo en estar siempre a vuestro lado. Gracias por dedicarle un poco de vuestro tiempo en analizarlo. <\/p>\n\n\n\n<p><strong>Programa electoral :<\/strong><\/p>\n\n\n\n<div class=\"wp-block-group is-nowrap is-layout-flex wp-container-core-group-is-layout-ad2f72ca wp-block-group-is-layout-flex\"><a href=\"https:\/\/ugtfgvvalencia.es\/wp-content\/uploads\/2023\/11\/Programa-Elecciones-2023-2-7.pdf\" class=\"pdfemb-viewer\" style=\"\" data-width=\"max\" data-height=\"max\" data-toolbar=\"bottom\" data-toolbar-fixed=\"off\">Programa-Elecciones-2023-2-7<\/a>\n<p class=\"wp-block-pdfemb-pdf-embedder-viewer\"><\/p>\n<\/div>\n\n\n\n<p><strong>Tr\u00edptico:<\/strong><\/p>\n\n\n\n<figure class=\"wp-block-image size-large\"><img loading=\"lazy\" decoding=\"async\" width=\"1024\" height=\"725\" src=\"https:\/\/ugtfgvvalencia.es\/wp-content\/uploads\/2023\/11\/Triptico-Candidaturas-UGT-2024-v1_page-0002-1024x725.jpg\" alt=\"\" class=\"wp-image-258\" srcset=\"https:\/\/ugtfgvvalencia.es\/wp-content\/uploads\/2023\/11\/Triptico-Candidaturas-UGT-2024-v1_page-0002-1024x725.jpg 1024w, https:\/\/ugtfgvvalencia.es\/wp-content\/uploads\/2023\/11\/Triptico-Candidaturas-UGT-2024-v1_page-0002-300x212.jpg 300w, https:\/\/ugtfgvvalencia.es\/wp-content\/uploads\/2023\/11\/Triptico-Candidaturas-UGT-2024-v1_page-0002-768x543.jpg 768w, https:\/\/ugtfgvvalencia.es\/wp-content\/uploads\/2023\/11\/Triptico-Candidaturas-UGT-2024-v1_page-0002-1536x1087.jpg 1536w, https:\/\/ugtfgvvalencia.es\/wp-content\/uploads\/2023\/11\/Triptico-Candidaturas-UGT-2024-v1_page-0002.jpg 1754w\" sizes=\"auto, (max-width: 1024px) 100vw, 1024px\" \/><\/figure>\n\n\n\n<figure class=\"wp-block-image size-large\"><img loading=\"lazy\" decoding=\"async\" width=\"1024\" height=\"725\" src=\"https:\/\/ugtfgvvalencia.es\/wp-content\/uploads\/2023\/11\/Triptico-Candidaturas-UGT-2024-v1_page-0001-1024x725.jpg\" alt=\"\" class=\"wp-image-259\" srcset=\"https:\/\/ugtfgvvalencia.es\/wp-content\/uploads\/2023\/11\/Triptico-Candidaturas-UGT-2024-v1_page-0001-1024x725.jpg 1024w, https:\/\/ugtfgvvalencia.es\/wp-content\/uploads\/2023\/11\/Triptico-Candidaturas-UGT-2024-v1_page-0001-300x212.jpg 300w, https:\/\/ugtfgvvalencia.es\/wp-content\/uploads\/2023\/11\/Triptico-Candidaturas-UGT-2024-v1_page-0001-768x543.jpg 768w, https:\/\/ugtfgvvalencia.es\/wp-content\/uploads\/2023\/11\/Triptico-Candidaturas-UGT-2024-v1_page-0001-1536x1087.jpg 1536w, https:\/\/ugtfgvvalencia.es\/wp-content\/uploads\/2023\/11\/Triptico-Candidaturas-UGT-2024-v1_page-0001.jpg 1754w\" sizes=\"auto, (max-width: 1024px) 100vw, 1024px\" \/><\/figure>\n\n\n\n<figure class=\"wp-block-video alignright\"><video height=\"1080\" style=\"aspect-ratio: 1920 \/ 1080;\" width=\"1920\" controls src=\"https:\/\/ugtfgvvalencia.es\/wp-content\/uploads\/2023\/11\/Modern-Mobile-App-Kit_1080p.mp4\"><\/video><\/figure>\n","protected":false},"excerpt":{"rendered":"<div class=\"mh-excerpt\"><p>Como cada 4 a\u00f1os ya tenemos aqu\u00ed las elecciones y os presentamos el trabajo que hemos preparado para vuestra valoraci\u00f3n. En estos a\u00f1os hemos dedicado <a class=\"mh-excerpt-more\" href=\"https:\/\/ugtfgvvalencia.es\/index.php\/2023\/11\/06\/triptico-ugt\/\" title=\"Elecciones Sindicales FGV\">[&#8230;]<\/a><\/p>\n<\/div>","protected":false},"author":2,"featured_media":257,"comment_status":"closed","ping_status":"closed","sticky":false,"template":"","format":"standard","meta":{"footnotes":"","jetpack_publicize_message":"","jetpack_publicize_feature_enabled":true,"jetpack_social_post_already_shared":false,"jetpack_social_options":{"image_generator_settings":{"template":"highway","default_image_id":0,"font":"","enabled":false},"version":2}},"categories":[1],"tags":[],"class_list":["post-246","post","type-post","status-publish","format-standard","has-post-thumbnail","hentry","category-sin-categoria"],"jetpack_publicize_connections":[],"_links":{"self":[{"href":"https:\/\/ugtfgvvalencia.es\/index.php\/wp-json\/wp\/v2\/posts\/246","targetHints":{"allow":["GET"]}}],"collection":[{"href":"https:\/\/ugtfgvvalencia.es\/index.php\/wp-json\/wp\/v2\/posts"}],"about":[{"href":"https:\/\/ugtfgvvalencia.es\/index.php\/wp-json\/wp\/v2\/types\/post"}],"author":[{"embeddable":true,"href":"https:\/\/ugtfgvvalencia.es\/index.php\/wp-json\/wp\/v2\/users\/2"}],"replies":[{"embeddable":true,"href":"https:\/\/ugtfgvvalencia.es\/index.php\/wp-json\/wp\/v2\/comments?post=246"}],"version-history":[{"count":18,"href":"https:\/\/ugtfgvvalencia.es\/index.php\/wp-json\/wp\/v2\/posts\/246\/revisions"}],"predecessor-version":[{"id":311,"href":"https:\/\/ugtfgvvalencia.es\/index.php\/wp-json\/wp\/v2\/posts\/246\/revisions\/311"}],"wp:featuredmedia":[{"embeddable":true,"href":"https:\/\/ugtfgvvalencia.es\/index.php\/wp-json\/wp\/v2\/media\/257"}],"wp:attachment":[{"href":"https:\/\/ugtfgvvalencia.es\/index.php\/wp-json\/wp\/v2\/media?parent=246"}],"wp:term":[{"taxonomy":"category","embeddable":true,"href":"https:\/\/ugtfgvvalencia.es\/index.php\/wp-json\/wp\/v2\/categories?post=246"},{"taxonomy":"post_tag","embeddable":true,"href":"https:\/\/ugtfgvvalencia.es\/index.php\/wp-json\/wp\/v2\/tags?post=246"}],"curies":[{"name":"wp","href":"https:\/\/api.w.org\/{rel}","templated":true}]}}