{"id":183,"date":"2023-04-16T07:48:35","date_gmt":"2023-04-16T07:48:35","guid":{"rendered":"https:\/\/ugtfgvvalencia.es\/?p=183"},"modified":"2023-04-16T08:12:16","modified_gmt":"2023-04-16T08:12:16","slug":"nueva-ley-de-familias","status":"publish","type":"post","link":"https:\/\/ugtfgvvalencia.es\/index.php\/2023\/04\/16\/nueva-ley-de-familias\/","title":{"rendered":"Nueva Ley de Familias"},"content":{"rendered":"\n<p><strong>UGT INFORMA<\/strong><\/p>\n\n\n\n<p>Estos son los cambios que introduce la nueva Ley de Familia a expensas de publicaci\u00f3n en BOE. Ya es una realidad el Gobierno ha aprobado hoy la Ley de Familia.<\/p>\n\n\n\n<div class=\"wp-block-group is-vertical is-layout-flex wp-container-core-group-is-layout-8cf370e7 wp-block-group-is-layout-flex\">\n<p><strong>\u00bfQu\u00e9 es la Ley de Familia?<\/strong><br>La Ley de Familia es una nueva normativa impulsada por el Gobierno para mejorar la conciliaci\u00f3n laboral de las personas trabajadoras en Espa\u00f1a.<\/p>\n\n\n\n<p>Estas son las claves de la Ley de Familia<\/p>\n\n\n\n<p>Incluye 3 nuevos permisos para favorecer la conciliaci\u00f3n familiar:<\/p>\n\n\n\n<p>Permiso no retribuido de 8 semanas para los padres trabajadores<\/p>\n\n\n\n<p>Este permiso nace con el fin de posibilitar el cuidado menores (hasta que \u00e9stos cumplan 8 a\u00f1os de edad).<\/p>\n\n\n\n<p>Se podr\u00e1 disfrutar seguido o repartiendo las semanas de forma discontinuada, a lo largo de los 8 a\u00f1os. Este nuevo permiso ampl\u00eda el de 16 semanas que s\u00ed est\u00e1n retribuidas.<\/p>\n\n\n\n<p>El permiso de 8 semanas podr\u00eda aumentar de manera progresiva siendo de 6 semanas en 2023 y alcanzando las 8 semanas en 2024.<\/p>\n\n\n\n<p>Permiso retribuido de 5 d\u00edas al a\u00f1o para que cada trabajador\/a pueda cuidar de familiares de segundo grado o convivientes<\/p>\n\n\n\n<p>Este permiso podr\u00e1 disfrutarse independientemente de si el\/la trabajador\/a y sus convivientes tienen o no relaci\u00f3n de parentesco.<\/p>\n\n\n\n<p>Esta medida surge para permitir poder quedarse al cuidado de los hijos en casa, acompa\u00f1ar a su pareja al m\u00e9dico o para cuidar de una persona mayor. Esto es en caso de hospitalizaci\u00f3n, accidentes, enfermedades graves o intervenci\u00f3n quir\u00fargica.<\/p>\n\n\n\n<p>De esta manera, se ampl\u00eda el permiso ya existente de 2 d\u00edas.<\/p>\n\n\n\n<p>Permiso retribuido de hasta 4 d\u00edas para urgencias cuando haya motivos familiares que sean imprevisibles<\/p>\n\n\n\n<p>La persona trabajadora podr\u00e1 usar este permiso por horas o por d\u00edas, hasta sumar un total de 4 d\u00edas al a\u00f1o.<\/p>\n\n\n\n<p>Las empresas no podr\u00e1n despedir a los trabajadores que disfruten de los permisos de la Ley de Familia<\/p>\n\n\n\n<p>La Ley de Familia incluye una nueva obligaci\u00f3n para las empresas: las personas que disfruten de permisos para cuidar a sus familiares no podr\u00e1n ser despedidos por sus empresas.<\/p>\n\n\n\n<p>En el caso de despido, \u00e9ste se considerar\u00eda nulo. Esto ser\u00e1 siempre y cuando no haya causas para la procedencia.<\/p>\n\n\n\n<p>De esta manera, la Ley de Familia protege a las personas mientras disfruten de los permisos de esta futura normativa.<\/p>\n<\/div>\n\n\n\n<p><strong>\u00bfQu\u00e9 otras modificaciones incluye la Ley de Familia?<\/strong><\/p>\n\n\n\n<p>\ud83d\udccc Ampliaci\u00f3n del subsidio por nacimiento y cuidado no contributivo a familias de acogida y adoptantes<\/p>\n\n\n\n<p>De esta manera, se eleva la pensi\u00f3n de orfandad hasta los 26 a\u00f1os y el permiso por cuidado de menor con una enfermedad grave hasta los 26 a\u00f1os en caso de discapacidad.<\/p>\n\n\n\n<p>\ud83d\udccc Equiparaci\u00f3n de derechos entre los matrimonios y las parejas de hecho<\/p>\n\n\n\n<p>La Ley de Familia equipara los derechos entre los matrimonios y las parejas de hecho, posibilitando el acceso a 15 d\u00edas de permiso por registro equiparables al matrimonio.<\/p>\n\n\n\n<p>\ud83d\udccc Renta crianza de 100 euros<\/p>\n\n\n\n<p>La Ley de Familia amplia la \u2018renta crianza\u2019 de 100 euros al mes para menores de entre 0 y 3 a\u00f1os. Podr\u00e1n acceder a esta ayuda las personas que tengan menores de 3 a\u00f1os que est\u00e9n o hayan estado en la Seguridad Social o en la mutualidad durante 30 d\u00edas.<\/p>\n\n\n\n<p>Tambi\u00e9n en el caso en el que hayan recibido una prestaci\u00f3n, ya sea contributiva o asistencial, del sistema de protecci\u00f3n del desempleo.<\/p>\n\n\n\n<p>La Ley de Familia ampl\u00eda la retribuci\u00f3n de 100 euros mensuales para madres con trabajo, padres o tutores en caso de fallecimiento de la madre. Tambi\u00e9n para madres en paro o que lleven cotizados al menos 30 d\u00edas.<\/p>\n\n\n\n<p>No podr\u00e1n cobrar la prestaci\u00f3n de 100 euros quienes est\u00e9n en situaci\u00f3n de inactividad o no est\u00e9n cotizando. Tampoco si perciben el Ingreso M\u00ednimo Vital con complemento de infancia.<\/p>\n\n\n\n<p><strong>\u00bfQui\u00e9nes podr\u00e1n solicitar el permiso de 5 d\u00edas que incluye la futura Ley de Familias?<\/strong><\/p>\n\n\n\n<p>El fin que persigue el Gobierno es que se respete la diversidad. No ser\u00e1 necesario que exista un matrimonio o lazos de sangre para poder solicitar la baja de 5 d\u00edas.<\/p>\n\n\n\n<p>Podr\u00e1n disfrutar del permiso de 5 d\u00edas para cuidar a cualquier conviviente todos las personas trabajadoras.<\/p>\n\n\n\n<p>En este caso, se incluyen parejas que no est\u00e9n casadas u amigos con los que se comparta el mismo hogar.<\/p>\n\n\n\n<p>De momento, a\u00fan no se ha aclarado si ser\u00e1 necesario aportar un certificado m\u00e9dico que acredite la situaci\u00f3n de necesidad de cuidados, aunque es muy posible que las empresas s\u00ed que requieran su expedici\u00f3n.<\/p>\n\n\n\n<p>La Ley de Familia elimina el t\u00e9rmino \u2018familia numerosa\u2019<br>La Ley de Familia incluye otra modificaci\u00f3n. Se elimina el t\u00e9rmino \u2018familia numerosa\u2019, que pasar\u00e1 a conocerse como \u2018Ley de Protecci\u00f3n a las Familias con mayores necesidades de apoyo a la crianza\u2019.<\/p>\n\n\n\n<p>En esta categor\u00eda, se incluir\u00e1n las familias reconocidas hasta el momento como \u00abfamilias numerosas\u00bb y, adem\u00e1s:<\/p>\n\n\n\n<p>Familias \u2018monomarentales\u2019 con 2 hijos.<br>Familias con 2 hijos en las que un ascendiente o descendiente tenga discapacidad.<br>Familias con 2 hijos encabezadas por una v\u00edctima de violencia de g\u00e9nero.<br>Familias en las que un c\u00f3nyuge haya obtenido la guardia y custodia exclusiva sin derecho a pensi\u00f3n de alimentos.<br>Familias con 2 hijos en la que un progenitor est\u00e9 en tratamiento hospitalario durante un 1 a\u00f1o o haya ingresado en prisi\u00f3n.<br>Dentro de este grupo de familias con mayores necesidades de apoyo a la crianza se van a mantener las categor\u00edas \u2018general\u2019 y \u2018especial\u2019.<\/p>\n\n\n\n<p>Se entender\u00e1 como categor\u00eda \u2018especial\u2019 cuando una familia tenga 4 o m\u00e1s hijos (hasta el momento eran 5) o 3 (si al menos 2 proceden de partos, adopciones o acogimientos m\u00faltiples).<\/p>\n\n\n\n<p>Tambi\u00e9n se incluir\u00e1n dentro de la categor\u00eda \u2018especial\u2019 a las familias con 3 hijos si los ingresos anuales divididos por el n\u00famero de miembros que la forman no superen el c\u00f3mputo anual (hasta el 150% del IPREM).<\/p>\n\n\n\n<p>Ley de Familia crea el t\u00edtulo de \u2018familia monomarental\u2019. Se entender\u00e1 por familia \u2018monomarental\u2019 cuando exista una \u00fanica persona progenitora.<\/p>\n\n\n\n<p>Hasta el momento se consideraba familia numerosa a las familias de una sola madre o padre con 3 hijos.<\/p>\n\n\n\n<p>A partir de ahora, se considerar\u00e1 familia numerosa a las familias de una sola madre o un solo padre con 2 hijos.<\/p>\n\n\n\n<p><strong>\u00bfQu\u00e9 tipos de familias reconocer\u00e1 la Ley de Familia?<\/strong><\/p>\n\n\n\n<p>Familia biparental.<br>Familia \u2018monomarental\u2019 o \u2018monoparental\u2019.<br>Familia joven. Se entender\u00e1 como familia joven a la que est\u00e9 formada por una persona menor de 29 a\u00f1os y sus hijos\/as o por 2 personas menores de 29 a\u00f1os que tengan un v\u00ednculo matrimonial o como pareja de hecho y sus descendientes.<br>Familia LGTBI homomarental y homoparental.<br>Familia con mayores necesidades de apoyo a la crianza<br>Familia m\u00faltiple. Hace referencia a familias en las que existen nacimientos, adopciones o acogimientos m\u00faltiples.<br>Familia reconstituida. En este caso, alguno de los miembros de la pareja tendr\u00e1 hijos\/as de anteriores relaciones.<br>Familia inmigrante.<br>Familia transnacional.<br>Familia intercultural.<br>Familia en el exterior.<br>Familia retornada.<br>Familia en situaci\u00f3n de vulnerabilidad.<br>Personas solas.<br>Personas unidas en matrimonio.<br>Pareja de hecho.<br>La Ley de Familia equipara los derechos entre los matrimonios y las parejas de hecho.<\/p>\n\n\n\n<p>Recordar que la misma est\u00e1 a expensas de publicaci\u00f3n en BOE<\/p>\n\n\n\n<p>Seguiremos informando.<\/p>\n\n\n\n<ul class=\"wp-block-social-links is-layout-flex wp-block-social-links-is-layout-flex\"><li class=\"wp-social-link wp-social-link-twitter  wp-block-social-link\"><a href=\"https:\/\/twitter.com\/ugtenfgv\/status\/1647507270366904320?s=20\" class=\"wp-block-social-link-anchor\"><svg width=\"24\" height=\"24\" viewBox=\"0 0 24 24\" version=\"1.1\" xmlns=\"http:\/\/www.w3.org\/2000\/svg\" aria-hidden=\"true\" focusable=\"false\"><path d=\"M22.23,5.924c-0.736,0.326-1.527,0.547-2.357,0.646c0.847-0.508,1.498-1.312,1.804-2.27 c-0.793,0.47-1.671,0.812-2.606,0.996C18.324,4.498,17.257,4,16.077,4c-2.266,0-4.103,1.837-4.103,4.103 c0,0.322,0.036,0.635,0.106,0.935C8.67,8.867,5.647,7.234,3.623,4.751C3.27,5.357,3.067,6.062,3.067,6.814 c0,1.424,0.724,2.679,1.825,3.415c-0.673-0.021-1.305-0.206-1.859-0.513c0,0.017,0,0.034,0,0.052c0,1.988,1.414,3.647,3.292,4.023 c-0.344,0.094-0.707,0.144-1.081,0.144c-0.264,0-0.521-0.026-0.772-0.074c0.522,1.63,2.038,2.816,3.833,2.85 c-1.404,1.1-3.174,1.756-5.096,1.756c-0.331,0-0.658-0.019-0.979-0.057c1.816,1.164,3.973,1.843,6.29,1.843 c7.547,0,11.675-6.252,11.675-11.675c0-0.178-0.004-0.355-0.012-0.531C20.985,7.47,21.68,6.747,22.23,5.924z\"><\/path><\/svg><span class=\"wp-block-social-link-label screen-reader-text\">Twitter<\/span><\/a><\/li>\n\n<li class=\"wp-social-link wp-social-link-instagram  wp-block-social-link\"><a href=\"https:\/\/www.instagram.com\/p\/CrFvHYCt78S\/?utm_source=ig_web_copy_link\" class=\"wp-block-social-link-anchor\"><svg width=\"24\" height=\"24\" viewBox=\"0 0 24 24\" version=\"1.1\" xmlns=\"http:\/\/www.w3.org\/2000\/svg\" aria-hidden=\"true\" focusable=\"false\"><path d=\"M12,4.622c2.403,0,2.688,0.009,3.637,0.052c0.877,0.04,1.354,0.187,1.671,0.31c0.42,0.163,0.72,0.358,1.035,0.673 c0.315,0.315,0.51,0.615,0.673,1.035c0.123,0.317,0.27,0.794,0.31,1.671c0.043,0.949,0.052,1.234,0.052,3.637 s-0.009,2.688-0.052,3.637c-0.04,0.877-0.187,1.354-0.31,1.671c-0.163,0.42-0.358,0.72-0.673,1.035 c-0.315,0.315-0.615,0.51-1.035,0.673c-0.317,0.123-0.794,0.27-1.671,0.31c-0.949,0.043-1.233,0.052-3.637,0.052 s-2.688-0.009-3.637-0.052c-0.877-0.04-1.354-0.187-1.671-0.31c-0.42-0.163-0.72-0.358-1.035-0.673 c-0.315-0.315-0.51-0.615-0.673-1.035c-0.123-0.317-0.27-0.794-0.31-1.671C4.631,14.688,4.622,14.403,4.622,12 s0.009-2.688,0.052-3.637c0.04-0.877,0.187-1.354,0.31-1.671c0.163-0.42,0.358-0.72,0.673-1.035 c0.315-0.315,0.615-0.51,1.035-0.673c0.317-0.123,0.794-0.27,1.671-0.31C9.312,4.631,9.597,4.622,12,4.622 M12,3 C9.556,3,9.249,3.01,8.289,3.054C7.331,3.098,6.677,3.25,6.105,3.472C5.513,3.702,5.011,4.01,4.511,4.511 c-0.5,0.5-0.808,1.002-1.038,1.594C3.25,6.677,3.098,7.331,3.054,8.289C3.01,9.249,3,9.556,3,12c0,2.444,0.01,2.751,0.054,3.711 c0.044,0.958,0.196,1.612,0.418,2.185c0.23,0.592,0.538,1.094,1.038,1.594c0.5,0.5,1.002,0.808,1.594,1.038 c0.572,0.222,1.227,0.375,2.185,0.418C9.249,20.99,9.556,21,12,21s2.751-0.01,3.711-0.054c0.958-0.044,1.612-0.196,2.185-0.418 c0.592-0.23,1.094-0.538,1.594-1.038c0.5-0.5,0.808-1.002,1.038-1.594c0.222-0.572,0.375-1.227,0.418-2.185 C20.99,14.751,21,14.444,21,12s-0.01-2.751-0.054-3.711c-0.044-0.958-0.196-1.612-0.418-2.185c-0.23-0.592-0.538-1.094-1.038-1.594 c-0.5-0.5-1.002-0.808-1.594-1.038c-0.572-0.222-1.227-0.375-2.185-0.418C14.751,3.01,14.444,3,12,3L12,3z M12,7.378 c-2.552,0-4.622,2.069-4.622,4.622S9.448,16.622,12,16.622s4.622-2.069,4.622-4.622S14.552,7.378,12,7.378z M12,15 c-1.657,0-3-1.343-3-3s1.343-3,3-3s3,1.343,3,3S13.657,15,12,15z M16.804,6.116c-0.596,0-1.08,0.484-1.08,1.08 s0.484,1.08,1.08,1.08c0.596,0,1.08-0.484,1.08-1.08S17.401,6.116,16.804,6.116z\"><\/path><\/svg><span class=\"wp-block-social-link-label screen-reader-text\">Instagram<\/span><\/a><\/li><\/ul>\n","protected":false},"excerpt":{"rendered":"<div class=\"mh-excerpt\"><p>UGT INFORMA Estos son los cambios que introduce la nueva Ley de Familia a expensas de publicaci\u00f3n en BOE. Ya es una realidad el Gobierno <a class=\"mh-excerpt-more\" href=\"https:\/\/ugtfgvvalencia.es\/index.php\/2023\/04\/16\/nueva-ley-de-familias\/\" title=\"Nueva Ley de Familias\">[&#8230;]<\/a><\/p>\n<\/div>","protected":false},"author":2,"featured_media":185,"comment_status":"closed","ping_status":"closed","sticky":false,"template":"","format":"standard","meta":{"footnotes":"","jetpack_publicize_message":"","jetpack_publicize_feature_enabled":true,"jetpack_social_post_already_shared":false,"jetpack_social_options":{"image_generator_settings":{"template":"highway","default_image_id":0,"font":"","enabled":false},"version":2}},"categories":[1],"tags":[],"class_list":["post-183","post","type-post","status-publish","format-standard","has-post-thumbnail","hentry","category-sin-categoria"],"jetpack_publicize_connections":[],"_links":{"self":[{"href":"https:\/\/ugtfgvvalencia.es\/index.php\/wp-json\/wp\/v2\/posts\/183","targetHints":{"allow":["GET"]}}],"collection":[{"href":"https:\/\/ugtfgvvalencia.es\/index.php\/wp-json\/wp\/v2\/posts"}],"about":[{"href":"https:\/\/ugtfgvvalencia.es\/index.php\/wp-json\/wp\/v2\/types\/post"}],"author":[{"embeddable":true,"href":"https:\/\/ugtfgvvalencia.es\/index.php\/wp-json\/wp\/v2\/users\/2"}],"replies":[{"embeddable":true,"href":"https:\/\/ugtfgvvalencia.es\/index.php\/wp-json\/wp\/v2\/comments?post=183"}],"version-history":[{"count":4,"href":"https:\/\/ugtfgvvalencia.es\/index.php\/wp-json\/wp\/v2\/posts\/183\/revisions"}],"predecessor-version":[{"id":188,"href":"https:\/\/ugtfgvvalencia.es\/index.php\/wp-json\/wp\/v2\/posts\/183\/revisions\/188"}],"wp:featuredmedia":[{"embeddable":true,"href":"https:\/\/ugtfgvvalencia.es\/index.php\/wp-json\/wp\/v2\/media\/185"}],"wp:attachment":[{"href":"https:\/\/ugtfgvvalencia.es\/index.php\/wp-json\/wp\/v2\/media?parent=183"}],"wp:term":[{"taxonomy":"category","embeddable":true,"href":"https:\/\/ugtfgvvalencia.es\/index.php\/wp-json\/wp\/v2\/categories?post=183"},{"taxonomy":"post_tag","embeddable":true,"href":"https:\/\/ugtfgvvalencia.es\/index.php\/wp-json\/wp\/v2\/tags?post=183"}],"curies":[{"name":"wp","href":"https:\/\/api.w.org\/{rel}","templated":true}]}}