{"id":139,"date":"2023-03-01T08:34:18","date_gmt":"2023-03-01T08:34:18","guid":{"rendered":"https:\/\/ugtfgvvalencia.es\/?p=139"},"modified":"2023-03-01T08:41:06","modified_gmt":"2023-03-01T08:41:06","slug":"se-amplia-la-utilidad-de-la-tarjeta-suma","status":"publish","type":"post","link":"https:\/\/ugtfgvvalencia.es\/index.php\/2023\/03\/01\/se-amplia-la-utilidad-de-la-tarjeta-suma\/","title":{"rendered":"Se amplia la utilidad de la tarjeta SUMA"},"content":{"rendered":"\n<p><\/p>\n\n\n\n<p>Desde UGT-FGV, nos alegra que le puedan dar m\u00e1s facilidades a nuestros usuarios , aunque esto pueda significar que la empresa p\u00fablica pueda crear alguna linea de metro-cercan\u00edas en Castell\u00f3n. Nosotr@s siempre hemos abogado por la ampliaci\u00f3n del \u00e1mbito de FGV una empresa p\u00fablica que creemos seriamente que podemos y debemos gestionar m\u00e1s lineas ya que tenemos la experiencia, ademas debemos de hacer una gesti\u00f3n m\u00e1s individualizada del servicio. En Castell\u00f3n se gestiona con una empresa privada con dinero p\u00fablico y  puede olvidar o dejar de dar ciertos servicios que la ciudadania reclama. Estamos seguros que si FGV gestionara dichos servicios mejorar\u00eda la calidad y supondr\u00edan un ahorro a las arcas p\u00fablicas.  UGT-FGV siempre ha estado reclamando continuamente m\u00e1s y mejor servicio. <\/p>\n\n\n\n<p>Como refleja en el articulo de Valencia Plaza: \u00bb La implantaci\u00f3n de esta iniciativa tiene como objetivo \u00abmejorar la vida de las personas\u00bb, desde una concepci\u00f3n del transporte de proximidad como \u00abpilar del estado de bienestar\u00bb, tal y como ha asegurado<a rel=\"noreferrer noopener\" href=\"https:\/\/valenciaplaza.com\/tag\/ximo%20puig\" target=\"_blank\">&nbsp;Ximo Puig<\/a>, quien ha indicado tambi\u00e9n que la intenci\u00f3n del Consell es ir \u00abm\u00e1s all\u00e1\u00bb en su apuesta por la movilidad sostenible, y se ha referido en este sentido a que se trabaja para que&nbsp;<a rel=\"noreferrer noopener\" href=\"https:\/\/valenciaplaza.com\/tag\/FGV\" target=\"_blank\">Ferrocarrils de la Generalitat Valenciana (FGV)<\/a>&nbsp;\u00abtenga la implantaci\u00f3n que corresponde aqu\u00ed en La Plana\u00bb.\u00bb<\/p>\n\n\n\n<p>Por consiguiente, creemos que en parte es una buena noticia sin olvidar que somos una empresa con gran capacidad de gesti\u00f3n, con unos trabajador@s altamente cualificados y por lo tanto siempre con ganas de ampliar y dar servicio a la ciudadania. <\/p>\n\n\n\n<p><a href=\"https:\/\/valenciaplaza.com\/tarjeta-suma-se-amplia-todo-ambito-cercanias-renfe-castellon-valencia\">https:\/\/valenciaplaza.com\/tarjeta-suma-se-amplia-todo-ambito-cercanias-renfe-castellon-valencia<\/a><\/p>\n\n\n\n<ul class=\"wp-block-social-links is-layout-flex wp-block-social-links-is-layout-flex\"><li class=\"wp-social-link wp-social-link-twitter  wp-block-social-link\"><a href=\"https:\/\/twitter.com\/ugtenfgv\/status\/1630848934045261824?s=20\" class=\"wp-block-social-link-anchor\"><svg width=\"24\" height=\"24\" viewBox=\"0 0 24 24\" version=\"1.1\" xmlns=\"http:\/\/www.w3.org\/2000\/svg\" aria-hidden=\"true\" focusable=\"false\"><path d=\"M22.23,5.924c-0.736,0.326-1.527,0.547-2.357,0.646c0.847-0.508,1.498-1.312,1.804-2.27 c-0.793,0.47-1.671,0.812-2.606,0.996C18.324,4.498,17.257,4,16.077,4c-2.266,0-4.103,1.837-4.103,4.103 c0,0.322,0.036,0.635,0.106,0.935C8.67,8.867,5.647,7.234,3.623,4.751C3.27,5.357,3.067,6.062,3.067,6.814 c0,1.424,0.724,2.679,1.825,3.415c-0.673-0.021-1.305-0.206-1.859-0.513c0,0.017,0,0.034,0,0.052c0,1.988,1.414,3.647,3.292,4.023 c-0.344,0.094-0.707,0.144-1.081,0.144c-0.264,0-0.521-0.026-0.772-0.074c0.522,1.63,2.038,2.816,3.833,2.85 c-1.404,1.1-3.174,1.756-5.096,1.756c-0.331,0-0.658-0.019-0.979-0.057c1.816,1.164,3.973,1.843,6.29,1.843 c7.547,0,11.675-6.252,11.675-11.675c0-0.178-0.004-0.355-0.012-0.531C20.985,7.47,21.68,6.747,22.23,5.924z\"><\/path><\/svg><span class=\"wp-block-social-link-label screen-reader-text\">Twitter<\/span><\/a><\/li><\/ul>\n","protected":false},"excerpt":{"rendered":"<div class=\"mh-excerpt\"><p>Desde UGT-FGV, nos alegra que le puedan dar m\u00e1s facilidades a nuestros usuarios , aunque esto pueda significar que la empresa p\u00fablica pueda crear alguna <a class=\"mh-excerpt-more\" href=\"https:\/\/ugtfgvvalencia.es\/index.php\/2023\/03\/01\/se-amplia-la-utilidad-de-la-tarjeta-suma\/\" title=\"Se amplia la utilidad de la tarjeta SUMA\">[&#8230;]<\/a><\/p>\n<\/div>","protected":false},"author":2,"featured_media":140,"comment_status":"closed","ping_status":"closed","sticky":false,"template":"","format":"standard","meta":{"footnotes":"","jetpack_publicize_message":"","jetpack_publicize_feature_enabled":true,"jetpack_social_post_already_shared":false,"jetpack_social_options":{"image_generator_settings":{"template":"highway","default_image_id":0,"font":"","enabled":false},"version":2}},"categories":[1],"tags":[],"class_list":["post-139","post","type-post","status-publish","format-standard","has-post-thumbnail","hentry","category-sin-categoria"],"jetpack_publicize_connections":[],"_links":{"self":[{"href":"https:\/\/ugtfgvvalencia.es\/index.php\/wp-json\/wp\/v2\/posts\/139","targetHints":{"allow":["GET"]}}],"collection":[{"href":"https:\/\/ugtfgvvalencia.es\/index.php\/wp-json\/wp\/v2\/posts"}],"about":[{"href":"https:\/\/ugtfgvvalencia.es\/index.php\/wp-json\/wp\/v2\/types\/post"}],"author":[{"embeddable":true,"href":"https:\/\/ugtfgvvalencia.es\/index.php\/wp-json\/wp\/v2\/users\/2"}],"replies":[{"embeddable":true,"href":"https:\/\/ugtfgvvalencia.es\/index.php\/wp-json\/wp\/v2\/comments?post=139"}],"version-history":[{"count":3,"href":"https:\/\/ugtfgvvalencia.es\/index.php\/wp-json\/wp\/v2\/posts\/139\/revisions"}],"predecessor-version":[{"id":146,"href":"https:\/\/ugtfgvvalencia.es\/index.php\/wp-json\/wp\/v2\/posts\/139\/revisions\/146"}],"wp:featuredmedia":[{"embeddable":true,"href":"https:\/\/ugtfgvvalencia.es\/index.php\/wp-json\/wp\/v2\/media\/140"}],"wp:attachment":[{"href":"https:\/\/ugtfgvvalencia.es\/index.php\/wp-json\/wp\/v2\/media?parent=139"}],"wp:term":[{"taxonomy":"category","embeddable":true,"href":"https:\/\/ugtfgvvalencia.es\/index.php\/wp-json\/wp\/v2\/categories?post=139"},{"taxonomy":"post_tag","embeddable":true,"href":"https:\/\/ugtfgvvalencia.es\/index.php\/wp-json\/wp\/v2\/tags?post=139"}],"curies":[{"name":"wp","href":"https:\/\/api.w.org\/{rel}","templated":true}]}}