{"id":130,"date":"2023-02-23T11:49:44","date_gmt":"2023-02-23T11:49:44","guid":{"rendered":"https:\/\/ugtfgvvalencia.es\/?p=130"},"modified":"2023-02-23T16:05:31","modified_gmt":"2023-02-23T16:05:31","slug":"avanzando-hacia-la-jornada-laboral-de-4-dias","status":"publish","type":"post","link":"https:\/\/ugtfgvvalencia.es\/index.php\/2023\/02\/23\/avanzando-hacia-la-jornada-laboral-de-4-dias\/","title":{"rendered":"Avanzando hacia la jornada laboral de 4 d\u00edas"},"content":{"rendered":"\n<p>Ugt trabaja desde hace mucho en el avance hacia una jornada laboral de 4 d\u00edas porque entendemos que es el futuro hacia una mayor conciliaci\u00f3n y una mayor productividad. Desde el sindicato creemos que deben desterrarse pol\u00edticas antiguas de echarle horas porque si ademas que es fundamental que se repartan las horas ya que disminuir\u00eda el paro estructural. En la cumbre realizada en Valencia Pepe \u00c1lvarez (Secretario General UGT) vio fundamental.<\/p>\n\n\n\n<p>Para Pepe \u00c1lvarez, \u201cEs fundamental repartir el tiempo de trabajo entre todos\u201d, ha se\u00f1alado, \u201clo que permitir\u00e1 crear puestos de trabajo y reducir el paro estructural, con el fin de mejorar el equilibrio entre la vida personal y la laboral\u201d.<\/p>\n\n\n\n<p>Recientemente numerosos estudios le dan la raz\u00f3n. La prestigiosa universidad de Cambridge con colaboraci\u00f3n de Boston College da los resultados de su estudio con incre\u00edbles resultados.<\/p>\n\n\n\n<p><a href=\"https:\/\/www.antena3.com\/noticias\/mundo\/prueba-jornada-laboral-4-dias-reino-unido-cierra-gran-exito_2023022163f4994e2f84b400019cc88d.html\">https:\/\/www.antena3.com\/noticias\/mundo\/prueba-jornada-laboral-4-dias-reino-unido-cierra-gran-exito_2023022163f4994e2f84b400019cc88d.html<\/a><\/p>\n\n\n\n<figure class=\"wp-block-embed is-type-video is-provider-youtube wp-block-embed-youtube wp-embed-aspect-16-9 wp-has-aspect-ratio\"><div class=\"wp-block-embed__wrapper\">\n<iframe loading=\"lazy\" title=\"Consultorio monogr\u00e1fico: Reducir horario, mantener derechos\" width=\"500\" height=\"281\" src=\"https:\/\/www.youtube.com\/embed\/lg7lSdEAh5Y?feature=oembed\" frameborder=\"0\" allow=\"accelerometer; autoplay; clipboard-write; encrypted-media; gyroscope; picture-in-picture; web-share\" referrerpolicy=\"strict-origin-when-cross-origin\" allowfullscreen><\/iframe>\n<\/div><figcaption class=\"wp-element-caption\">Video explicativo sobre la propuesta de UGT sobre la Jornada de 4 d\u00edas.<\/figcaption><\/figure>\n\n\n\n<ul class=\"wp-block-social-links is-layout-flex wp-block-social-links-is-layout-flex\"><li class=\"wp-social-link wp-social-link-twitter  wp-block-social-link\"><a href=\"https:\/\/twitter.com\/ugtenfgv\/status\/1628787344810672131?s=20\" class=\"wp-block-social-link-anchor\"><svg width=\"24\" height=\"24\" viewBox=\"0 0 24 24\" version=\"1.1\" xmlns=\"http:\/\/www.w3.org\/2000\/svg\" aria-hidden=\"true\" focusable=\"false\"><path d=\"M22.23,5.924c-0.736,0.326-1.527,0.547-2.357,0.646c0.847-0.508,1.498-1.312,1.804-2.27 c-0.793,0.47-1.671,0.812-2.606,0.996C18.324,4.498,17.257,4,16.077,4c-2.266,0-4.103,1.837-4.103,4.103 c0,0.322,0.036,0.635,0.106,0.935C8.67,8.867,5.647,7.234,3.623,4.751C3.27,5.357,3.067,6.062,3.067,6.814 c0,1.424,0.724,2.679,1.825,3.415c-0.673-0.021-1.305-0.206-1.859-0.513c0,0.017,0,0.034,0,0.052c0,1.988,1.414,3.647,3.292,4.023 c-0.344,0.094-0.707,0.144-1.081,0.144c-0.264,0-0.521-0.026-0.772-0.074c0.522,1.63,2.038,2.816,3.833,2.85 c-1.404,1.1-3.174,1.756-5.096,1.756c-0.331,0-0.658-0.019-0.979-0.057c1.816,1.164,3.973,1.843,6.29,1.843 c7.547,0,11.675-6.252,11.675-11.675c0-0.178-0.004-0.355-0.012-0.531C20.985,7.47,21.68,6.747,22.23,5.924z\"><\/path><\/svg><span class=\"wp-block-social-link-label screen-reader-text\">Twitter<\/span><\/a><\/li><\/ul>\n","protected":false},"excerpt":{"rendered":"<div class=\"mh-excerpt\"><p>Ugt trabaja desde hace mucho en el avance hacia una jornada laboral de 4 d\u00edas porque entendemos que es el futuro hacia una mayor conciliaci\u00f3n <a class=\"mh-excerpt-more\" href=\"https:\/\/ugtfgvvalencia.es\/index.php\/2023\/02\/23\/avanzando-hacia-la-jornada-laboral-de-4-dias\/\" title=\"Avanzando hacia la jornada laboral de 4 d\u00edas\">[&#8230;]<\/a><\/p>\n<\/div>","protected":false},"author":2,"featured_media":133,"comment_status":"closed","ping_status":"closed","sticky":false,"template":"","format":"standard","meta":{"footnotes":"","jetpack_publicize_message":"","jetpack_publicize_feature_enabled":true,"jetpack_social_post_already_shared":false,"jetpack_social_options":{"image_generator_settings":{"template":"highway","default_image_id":0,"font":"","enabled":false},"version":2}},"categories":[1],"tags":[],"class_list":["post-130","post","type-post","status-publish","format-standard","has-post-thumbnail","hentry","category-sin-categoria"],"jetpack_publicize_connections":[],"_links":{"self":[{"href":"https:\/\/ugtfgvvalencia.es\/index.php\/wp-json\/wp\/v2\/posts\/130","targetHints":{"allow":["GET"]}}],"collection":[{"href":"https:\/\/ugtfgvvalencia.es\/index.php\/wp-json\/wp\/v2\/posts"}],"about":[{"href":"https:\/\/ugtfgvvalencia.es\/index.php\/wp-json\/wp\/v2\/types\/post"}],"author":[{"embeddable":true,"href":"https:\/\/ugtfgvvalencia.es\/index.php\/wp-json\/wp\/v2\/users\/2"}],"replies":[{"embeddable":true,"href":"https:\/\/ugtfgvvalencia.es\/index.php\/wp-json\/wp\/v2\/comments?post=130"}],"version-history":[{"count":5,"href":"https:\/\/ugtfgvvalencia.es\/index.php\/wp-json\/wp\/v2\/posts\/130\/revisions"}],"predecessor-version":[{"id":138,"href":"https:\/\/ugtfgvvalencia.es\/index.php\/wp-json\/wp\/v2\/posts\/130\/revisions\/138"}],"wp:featuredmedia":[{"embeddable":true,"href":"https:\/\/ugtfgvvalencia.es\/index.php\/wp-json\/wp\/v2\/media\/133"}],"wp:attachment":[{"href":"https:\/\/ugtfgvvalencia.es\/index.php\/wp-json\/wp\/v2\/media?parent=130"}],"wp:term":[{"taxonomy":"category","embeddable":true,"href":"https:\/\/ugtfgvvalencia.es\/index.php\/wp-json\/wp\/v2\/categories?post=130"},{"taxonomy":"post_tag","embeddable":true,"href":"https:\/\/ugtfgvvalencia.es\/index.php\/wp-json\/wp\/v2\/tags?post=130"}],"curies":[{"name":"wp","href":"https:\/\/api.w.org\/{rel}","templated":true}]}}