{"id":114,"date":"2023-01-08T18:32:01","date_gmt":"2023-01-08T18:32:01","guid":{"rendered":"https:\/\/ugtfgvvalencia.es\/?p=114"},"modified":"2023-02-16T11:43:04","modified_gmt":"2023-02-16T11:43:04","slug":"nicolas-redondo-fuente-de-inspiracion","status":"publish","type":"post","link":"https:\/\/ugtfgvvalencia.es\/index.php\/2023\/01\/08\/nicolas-redondo-fuente-de-inspiracion\/","title":{"rendered":"Nicol\u00e1s Redondo \u00abfuente de inspiraci\u00f3n\u00bb"},"content":{"rendered":"\n<p>Nicol\u00e1s Redondo fue una fuente de inspiraci\u00f3n para much@s y un durante toda su trayectoria tanto como afiliad@ como de secretaria general de UGT ha demostrado su gran val\u00eda. Desde diferentes \u00e1mbitos se ha podido ver reconocido tanto los pol\u00edtic@s en bloque como la CEOE. Se va una leyenda del sindicalismo. Desde nuestra humilde secci\u00f3n solo podemos decir GRACIAS con may\u00fasculas. Muy honrad@s de que representaras nuestras siglas. <\/p>\n\n\n\n<p><a href=\"https:\/\/www.lavanguardia.com\/economia\/20230104\/8667976\/ceoe-subraya-aportacion-nicolas-redondo-construir-pais-democratico-abierto-moderno.html\">https:\/\/www.lavanguardia.com\/economia\/20230104\/8667976\/ceoe-subraya-aportacion-nicolas-redondo-construir-pais-democratico-abierto-moderno.html<\/a><\/p>\n\n\n\n<figure class=\"wp-block-image size-large\"><img loading=\"lazy\" decoding=\"async\" width=\"1024\" height=\"576\" src=\"https:\/\/ugtfgvvalencia.es\/wp-content\/uploads\/2023\/01\/image-1-1024x576.png\" alt=\"\" class=\"wp-image-115\" srcset=\"https:\/\/ugtfgvvalencia.es\/wp-content\/uploads\/2023\/01\/image-1-1024x576.png 1024w, https:\/\/ugtfgvvalencia.es\/wp-content\/uploads\/2023\/01\/image-1-300x169.png 300w, https:\/\/ugtfgvvalencia.es\/wp-content\/uploads\/2023\/01\/image-1-768x432.png 768w, https:\/\/ugtfgvvalencia.es\/wp-content\/uploads\/2023\/01\/image-1-678x381.png 678w, https:\/\/ugtfgvvalencia.es\/wp-content\/uploads\/2023\/01\/image-1.png 1200w\" sizes=\"auto, (max-width: 1024px) 100vw, 1024px\" \/><\/figure>\n\n\n\n<ul class=\"wp-block-social-links is-layout-flex wp-block-social-links-is-layout-flex\"><li class=\"wp-social-link wp-social-link-twitter  wp-block-social-link\"><a href=\"https:\/\/twitter.com\/ugtenfgv\/status\/1612155183026282499?s=20&#038;t=aYUj71gu4s_DiB_wUB_vqQ\" class=\"wp-block-social-link-anchor\"><svg width=\"24\" height=\"24\" viewBox=\"0 0 24 24\" version=\"1.1\" xmlns=\"http:\/\/www.w3.org\/2000\/svg\" aria-hidden=\"true\" focusable=\"false\"><path d=\"M22.23,5.924c-0.736,0.326-1.527,0.547-2.357,0.646c0.847-0.508,1.498-1.312,1.804-2.27 c-0.793,0.47-1.671,0.812-2.606,0.996C18.324,4.498,17.257,4,16.077,4c-2.266,0-4.103,1.837-4.103,4.103 c0,0.322,0.036,0.635,0.106,0.935C8.67,8.867,5.647,7.234,3.623,4.751C3.27,5.357,3.067,6.062,3.067,6.814 c0,1.424,0.724,2.679,1.825,3.415c-0.673-0.021-1.305-0.206-1.859-0.513c0,0.017,0,0.034,0,0.052c0,1.988,1.414,3.647,3.292,4.023 c-0.344,0.094-0.707,0.144-1.081,0.144c-0.264,0-0.521-0.026-0.772-0.074c0.522,1.63,2.038,2.816,3.833,2.85 c-1.404,1.1-3.174,1.756-5.096,1.756c-0.331,0-0.658-0.019-0.979-0.057c1.816,1.164,3.973,1.843,6.29,1.843 c7.547,0,11.675-6.252,11.675-11.675c0-0.178-0.004-0.355-0.012-0.531C20.985,7.47,21.68,6.747,22.23,5.924z\"><\/path><\/svg><span class=\"wp-block-social-link-label screen-reader-text\">Twitter<\/span><\/a><\/li><\/ul>\n\n\n\n<p><\/p>\n","protected":false},"excerpt":{"rendered":"<div class=\"mh-excerpt\"><p>Nicol\u00e1s Redondo fue una fuente de inspiraci\u00f3n para much@s y un durante toda su trayectoria tanto como afiliad@ como de secretaria general de UGT ha <a class=\"mh-excerpt-more\" href=\"https:\/\/ugtfgvvalencia.es\/index.php\/2023\/01\/08\/nicolas-redondo-fuente-de-inspiracion\/\" title=\"Nicol\u00e1s Redondo \u00abfuente de inspiraci\u00f3n\u00bb\">[&#8230;]<\/a><\/p>\n<\/div>","protected":false},"author":2,"featured_media":115,"comment_status":"closed","ping_status":"closed","sticky":false,"template":"","format":"standard","meta":{"footnotes":"","jetpack_publicize_message":"","jetpack_publicize_feature_enabled":true,"jetpack_social_post_already_shared":false,"jetpack_social_options":{"image_generator_settings":{"template":"highway","default_image_id":0,"font":"","enabled":false},"version":2}},"categories":[1],"tags":[],"class_list":["post-114","post","type-post","status-publish","format-standard","has-post-thumbnail","hentry","category-sin-categoria"],"jetpack_publicize_connections":[],"_links":{"self":[{"href":"https:\/\/ugtfgvvalencia.es\/index.php\/wp-json\/wp\/v2\/posts\/114","targetHints":{"allow":["GET"]}}],"collection":[{"href":"https:\/\/ugtfgvvalencia.es\/index.php\/wp-json\/wp\/v2\/posts"}],"about":[{"href":"https:\/\/ugtfgvvalencia.es\/index.php\/wp-json\/wp\/v2\/types\/post"}],"author":[{"embeddable":true,"href":"https:\/\/ugtfgvvalencia.es\/index.php\/wp-json\/wp\/v2\/users\/2"}],"replies":[{"embeddable":true,"href":"https:\/\/ugtfgvvalencia.es\/index.php\/wp-json\/wp\/v2\/comments?post=114"}],"version-history":[{"count":3,"href":"https:\/\/ugtfgvvalencia.es\/index.php\/wp-json\/wp\/v2\/posts\/114\/revisions"}],"predecessor-version":[{"id":119,"href":"https:\/\/ugtfgvvalencia.es\/index.php\/wp-json\/wp\/v2\/posts\/114\/revisions\/119"}],"wp:featuredmedia":[{"embeddable":true,"href":"https:\/\/ugtfgvvalencia.es\/index.php\/wp-json\/wp\/v2\/media\/115"}],"wp:attachment":[{"href":"https:\/\/ugtfgvvalencia.es\/index.php\/wp-json\/wp\/v2\/media?parent=114"}],"wp:term":[{"taxonomy":"category","embeddable":true,"href":"https:\/\/ugtfgvvalencia.es\/index.php\/wp-json\/wp\/v2\/categories?post=114"},{"taxonomy":"post_tag","embeddable":true,"href":"https:\/\/ugtfgvvalencia.es\/index.php\/wp-json\/wp\/v2\/tags?post=114"}],"curies":[{"name":"wp","href":"https:\/\/api.w.org\/{rel}","templated":true}]}}