{"id":106,"date":"2023-01-08T18:16:24","date_gmt":"2023-01-08T18:16:24","guid":{"rendered":"https:\/\/ugtfgvvalencia.es\/?p=106"},"modified":"2023-02-16T11:53:36","modified_gmt":"2023-02-16T11:53:36","slug":"metrovalencia-mantendra-la-gratuidad-del-transporte-para-menores-de-30-anos","status":"publish","type":"post","link":"https:\/\/ugtfgvvalencia.es\/index.php\/2023\/01\/08\/metrovalencia-mantendra-la-gratuidad-del-transporte-para-menores-de-30-anos\/","title":{"rendered":"Metrovalencia mantendr\u00e1 la gratuidad del transporte para menores de 30 a\u00f1os"},"content":{"rendered":"\n<p>Metro valencia mantendr\u00e1 la gratuidad del transporte p\u00fablico para los menores de 30 a\u00f1os hasta Julio del 2023, con ello se pretende fomentar el uso del transporte p\u00fablico entre los menores de 30 a\u00f1os y as\u00ed dejar otras formas de transporte m\u00e1s contaminantes y menos eficientes. Adem\u00e1s con el alto precio de los combustibles es una gran ayuda para las familias. Cada vez esta m\u00e1s claro que el futuro de la movilidad pasa por un uso colectivo de la misma, Viejos patrones deben quedar atr\u00e1s para tener ciudades mucho m\u00e1s saludables.<\/p>\n\n\n\n<figure class=\"wp-block-image size-full\"><img loading=\"lazy\" decoding=\"async\" width=\"758\" height=\"531\" src=\"https:\/\/ugtfgvvalencia.es\/wp-content\/uploads\/2023\/01\/image.png\" alt=\"\" class=\"wp-image-108\" srcset=\"https:\/\/ugtfgvvalencia.es\/wp-content\/uploads\/2023\/01\/image.png 758w, https:\/\/ugtfgvvalencia.es\/wp-content\/uploads\/2023\/01\/image-300x210.png 300w\" sizes=\"auto, (max-width: 758px) 100vw, 758px\" \/><\/figure>\n\n\n\n<p><a href=\"https:\/\/www.abc.es\/espana\/comunidad-valenciana\/metro-tranvia-gratis-valencia-menores-anos-julio-20221225161106-nt.html?ref=https%3A%2F%2Fwww.google.es%2F\">https:\/\/www.abc.es\/espana\/comunidad-valenciana\/metro-tranvia-gratis-valencia-menores-anos-julio-20221225161106-nt.html?ref=https%3A%2F%2Fwww.google.es%2F<\/a><\/p>\n\n\n\n<ul class=\"wp-block-social-links is-layout-flex wp-block-social-links-is-layout-flex\"><li class=\"wp-social-link wp-social-link-twitter  wp-block-social-link\"><a href=\"https:\/\/twitter.com\/ugtenfgv\/status\/1612151427283009538?s=20&#038;t=tFuet1vaERUZ1G08wkVQnw\" class=\"wp-block-social-link-anchor\"><svg width=\"24\" height=\"24\" viewBox=\"0 0 24 24\" version=\"1.1\" xmlns=\"http:\/\/www.w3.org\/2000\/svg\" aria-hidden=\"true\" focusable=\"false\"><path d=\"M22.23,5.924c-0.736,0.326-1.527,0.547-2.357,0.646c0.847-0.508,1.498-1.312,1.804-2.27 c-0.793,0.47-1.671,0.812-2.606,0.996C18.324,4.498,17.257,4,16.077,4c-2.266,0-4.103,1.837-4.103,4.103 c0,0.322,0.036,0.635,0.106,0.935C8.67,8.867,5.647,7.234,3.623,4.751C3.27,5.357,3.067,6.062,3.067,6.814 c0,1.424,0.724,2.679,1.825,3.415c-0.673-0.021-1.305-0.206-1.859-0.513c0,0.017,0,0.034,0,0.052c0,1.988,1.414,3.647,3.292,4.023 c-0.344,0.094-0.707,0.144-1.081,0.144c-0.264,0-0.521-0.026-0.772-0.074c0.522,1.63,2.038,2.816,3.833,2.85 c-1.404,1.1-3.174,1.756-5.096,1.756c-0.331,0-0.658-0.019-0.979-0.057c1.816,1.164,3.973,1.843,6.29,1.843 c7.547,0,11.675-6.252,11.675-11.675c0-0.178-0.004-0.355-0.012-0.531C20.985,7.47,21.68,6.747,22.23,5.924z\"><\/path><\/svg><span class=\"wp-block-social-link-label screen-reader-text\">Twitter<\/span><\/a><\/li><\/ul>\n","protected":false},"excerpt":{"rendered":"<div class=\"mh-excerpt\"><p>Metro valencia mantendr\u00e1 la gratuidad del transporte p\u00fablico para los menores de 30 a\u00f1os hasta Julio del 2023, con ello se pretende fomentar el uso <a class=\"mh-excerpt-more\" href=\"https:\/\/ugtfgvvalencia.es\/index.php\/2023\/01\/08\/metrovalencia-mantendra-la-gratuidad-del-transporte-para-menores-de-30-anos\/\" title=\"Metrovalencia mantendr\u00e1 la gratuidad del transporte para menores de 30 a\u00f1os\">[&#8230;]<\/a><\/p>\n<\/div>","protected":false},"author":2,"featured_media":108,"comment_status":"closed","ping_status":"closed","sticky":false,"template":"","format":"standard","meta":{"footnotes":"","jetpack_publicize_message":"","jetpack_publicize_feature_enabled":true,"jetpack_social_post_already_shared":false,"jetpack_social_options":{"image_generator_settings":{"template":"highway","default_image_id":0,"font":"","enabled":false},"version":2}},"categories":[1],"tags":[],"class_list":["post-106","post","type-post","status-publish","format-standard","has-post-thumbnail","hentry","category-sin-categoria"],"jetpack_publicize_connections":[],"_links":{"self":[{"href":"https:\/\/ugtfgvvalencia.es\/index.php\/wp-json\/wp\/v2\/posts\/106","targetHints":{"allow":["GET"]}}],"collection":[{"href":"https:\/\/ugtfgvvalencia.es\/index.php\/wp-json\/wp\/v2\/posts"}],"about":[{"href":"https:\/\/ugtfgvvalencia.es\/index.php\/wp-json\/wp\/v2\/types\/post"}],"author":[{"embeddable":true,"href":"https:\/\/ugtfgvvalencia.es\/index.php\/wp-json\/wp\/v2\/users\/2"}],"replies":[{"embeddable":true,"href":"https:\/\/ugtfgvvalencia.es\/index.php\/wp-json\/wp\/v2\/comments?post=106"}],"version-history":[{"count":4,"href":"https:\/\/ugtfgvvalencia.es\/index.php\/wp-json\/wp\/v2\/posts\/106\/revisions"}],"predecessor-version":[{"id":118,"href":"https:\/\/ugtfgvvalencia.es\/index.php\/wp-json\/wp\/v2\/posts\/106\/revisions\/118"}],"wp:featuredmedia":[{"embeddable":true,"href":"https:\/\/ugtfgvvalencia.es\/index.php\/wp-json\/wp\/v2\/media\/108"}],"wp:attachment":[{"href":"https:\/\/ugtfgvvalencia.es\/index.php\/wp-json\/wp\/v2\/media?parent=106"}],"wp:term":[{"taxonomy":"category","embeddable":true,"href":"https:\/\/ugtfgvvalencia.es\/index.php\/wp-json\/wp\/v2\/categories?post=106"},{"taxonomy":"post_tag","embeddable":true,"href":"https:\/\/ugtfgvvalencia.es\/index.php\/wp-json\/wp\/v2\/tags?post=106"}],"curies":[{"name":"wp","href":"https:\/\/api.w.org\/{rel}","templated":true}]}}