{"id":1,"date":"2022-10-24T10:30:07","date_gmt":"2022-10-24T10:30:07","guid":{"rendered":"https:\/\/ugtfgvvalencia.es\/?p=1"},"modified":"2023-02-16T11:54:59","modified_gmt":"2023-02-16T11:54:59","slug":"hola-mundo","status":"publish","type":"post","link":"https:\/\/ugtfgvvalencia.es\/index.php\/2022\/10\/24\/hola-mundo\/","title":{"rendered":"\u00bfHasta cu\u00e1ndo durar\u00e1 la rebaja del 30% en el transporte p\u00fablico? La Generalitat ampl\u00eda el plazo"},"content":{"rendered":"\n<p>El presidente de la Generalitat asegura que el presupuesto de 2023 incluir\u00e1 fondos para impulsar los tramos de TRAM entre D\u00e9nia-Gandia, Orihuela-Torrevieja y la conexi\u00f3n del aeropuerto de Alicante-Elche<\/p>\n\n\n\n<p>Si eres usuario de transporte p\u00fablico en la Comunidad Valenciana, est\u00e1s de enhorabuena. El presidente de la Generalitat,&nbsp;<a href=\"https:\/\/www.informacion.es\/tags\/ximo-puig\/\">Ximo Puig<\/a>, ha anunciado este jueves que los&nbsp;<a href=\"https:\/\/www.informacion.es\/politica\/2022\/10\/03\/arranca-negociacion-cuentas-2023-arcadi-76745145.html\">presupuestos auton\u00f3micos para 2023<\/a>&nbsp;incluir\u00e1n la<strong>&nbsp;ampliaci\u00f3n del descuento adicional del 30% en el transporte p\u00fablico&nbsp;<\/strong>hasta el fin del pr\u00f3ximo a\u00f1o.<\/p>\n\n\n\n<p>Se trata de una rebaja del 30% que&nbsp;<strong>se suma a la de hasta el 50% establecida el Gobierno<\/strong>&nbsp;para el transporte p\u00fablico de competencia auton\u00f3mica, incluidas las<strong>&nbsp;concesiones de autobuses<\/strong>, durante el pr\u00f3ximo a\u00f1o, en el que se celebrar\u00e1n elecciones municipales, auton\u00f3micas y nacionales.<\/p>\n\n\n\n<p>Esta ampliaci\u00f3n, ha destacado Puig, convivir\u00e1 durante 2023 con la&nbsp;<strong>gratuidad de los viajes de Cercan\u00edas y Media Distancia&nbsp;<\/strong>anunciada por el ejecutivo de&nbsp;<a href=\"https:\/\/www.informacion.es\/tags\/pedro-sanchez\/\">Pedro S\u00e1nchez<\/a>.<\/p>\n\n\n\n<p>En la sesi\u00f3n de control en las Cortes, el jefe del Consell ha defendido el impacto \u00abmuy positivo\u00bb de las medidas de transporte impulsadas en los \u00faltimos meses y ha llamado a aprovechar el \u00abmomento hist\u00f3rico\u00bb de los&nbsp;<strong>fondos europeos Next Generation&nbsp;<\/strong>para acelerar al m\u00e1ximo la descarbonizaci\u00f3n.<\/p>\n\n\n\n<p>Respecto a la gratuidad del transporte p\u00fablico para menores de 30 a\u00f1os, ante las dificultades para obtener la cita previa a la cita para solicitar el t\u00edtulo, Puig ha reconocido la existencia de \u00abproblemas\u00bb y ha recordado que se acord\u00f3&nbsp;<strong>ampliar el periodo gratis \u00abcomo m\u00ednimo\u00bb hasta el 15 de enero<\/strong>.<\/p>\n\n\n\n<p>Tambi\u00e9n ha admitido la necesidad de<strong>&nbsp;mejorar la calidad del transporte p\u00fablico<\/strong>, mediante la renovaci\u00f3n de flotas y la mejora de frecuencias, y ha reiterado que el presupuesto auton\u00f3mico de 2023 incluir\u00e1 los tramos D\u00e9nia-Gandia, Orihuela-Torrevieja y la conexi\u00f3n del aeropuerto de Alicante-Elche.<\/p>\n\n\n\n<p>En esta l\u00ednea, el tambi\u00e9n l\u00edder del PSPV ha vuelto a instar al Gobierno a mejorar \u00abde manera sustancial\u00bb la dotaci\u00f3n prevista para infraestructuras en los Presupuestos Generales del Estado (PGE) para 2023, ya que ha recordado que \u00abah\u00ed reside la calidad de vida\u00bb de los trabajadores y estudiantes. No obstante, en la misma sesi\u00f3n de control ha reconocido la necesidad de reequilibrar las cuentas elaboradas por el Gobierno central para superar el agravio contra la provincia de Alicante, por el escaso nivel de inversiones.<\/p>\n\n\n\n<p>En su intervenci\u00f3n, la s\u00edndica de Unides Podem,&nbsp;<strong>Pilar Lima<\/strong>, ha instado a Puig a impulsar&nbsp;<strong>\u00abpol\u00edticas valientes\u00bb para estimular el transporte p\u00fablico&nbsp;<\/strong>de manera permanente, para lo que ha planteado la posibilidad de estudiar un modelo similar al de la tarifa plana de Alemania de nueve euros al mes.<\/p>\n\n\n\n<p>Fuente:<a href=\"https:\/\/www.informacion.es\/politica\/2022\/10\/20\/durara-rebaja-30-transporte-publico-77479475.html\"> diarioinformacion.es<\/a><\/p>\n","protected":false},"excerpt":{"rendered":"<div class=\"mh-excerpt\"><p>El presidente de la Generalitat asegura que el presupuesto de 2023 incluir\u00e1 fondos para impulsar los tramos de TRAM entre D\u00e9nia-Gandia, Orihuela-Torrevieja y la conexi\u00f3n <a class=\"mh-excerpt-more\" href=\"https:\/\/ugtfgvvalencia.es\/index.php\/2022\/10\/24\/hola-mundo\/\" title=\"\u00bfHasta cu\u00e1ndo durar\u00e1 la rebaja del 30% en el transporte p\u00fablico? La Generalitat ampl\u00eda el plazo\">[&#8230;]<\/a><\/p>\n<\/div>","protected":false},"author":1,"featured_media":29,"comment_status":"closed","ping_status":"closed","sticky":false,"template":"","format":"standard","meta":{"footnotes":"","jetpack_publicize_message":"","jetpack_publicize_feature_enabled":true,"jetpack_social_post_already_shared":false,"jetpack_social_options":{"image_generator_settings":{"template":"highway","default_image_id":0,"font":"","enabled":false},"version":2}},"categories":[1],"tags":[],"class_list":["post-1","post","type-post","status-publish","format-standard","has-post-thumbnail","hentry","category-sin-categoria"],"jetpack_publicize_connections":[],"_links":{"self":[{"href":"https:\/\/ugtfgvvalencia.es\/index.php\/wp-json\/wp\/v2\/posts\/1","targetHints":{"allow":["GET"]}}],"collection":[{"href":"https:\/\/ugtfgvvalencia.es\/index.php\/wp-json\/wp\/v2\/posts"}],"about":[{"href":"https:\/\/ugtfgvvalencia.es\/index.php\/wp-json\/wp\/v2\/types\/post"}],"author":[{"embeddable":true,"href":"https:\/\/ugtfgvvalencia.es\/index.php\/wp-json\/wp\/v2\/users\/1"}],"replies":[{"embeddable":true,"href":"https:\/\/ugtfgvvalencia.es\/index.php\/wp-json\/wp\/v2\/comments?post=1"}],"version-history":[{"count":2,"href":"https:\/\/ugtfgvvalencia.es\/index.php\/wp-json\/wp\/v2\/posts\/1\/revisions"}],"predecessor-version":[{"id":129,"href":"https:\/\/ugtfgvvalencia.es\/index.php\/wp-json\/wp\/v2\/posts\/1\/revisions\/129"}],"wp:featuredmedia":[{"embeddable":true,"href":"https:\/\/ugtfgvvalencia.es\/index.php\/wp-json\/wp\/v2\/media\/29"}],"wp:attachment":[{"href":"https:\/\/ugtfgvvalencia.es\/index.php\/wp-json\/wp\/v2\/media?parent=1"}],"wp:term":[{"taxonomy":"category","embeddable":true,"href":"https:\/\/ugtfgvvalencia.es\/index.php\/wp-json\/wp\/v2\/categories?post=1"},{"taxonomy":"post_tag","embeddable":true,"href":"https:\/\/ugtfgvvalencia.es\/index.php\/wp-json\/wp\/v2\/tags?post=1"}],"curies":[{"name":"wp","href":"https:\/\/api.w.org\/{rel}","templated":true}]}}